{"id":4167,"date":"2024-10-28T21:05:29","date_gmt":"2024-10-28T20:05:29","guid":{"rendered":"https:\/\/wgphoto.pl\/t\/?p=4167"},"modified":"2024-10-28T21:05:29","modified_gmt":"2024-10-28T20:05:29","slug":"konca-nie-widac-2","status":"publish","type":"post","link":"https:\/\/wgphoto.pl\/t\/?p=4167","title":{"rendered":"Ko\u0144ca nie wida\u0107"},"content":{"rendered":"\n<figure class=\"wp-block-image aligncenter size-full\"><img loading=\"lazy\" decoding=\"async\" width=\"1300\" height=\"731\" src=\"https:\/\/wgphoto.pl\/t\/wp-content\/uploads\/2024\/10\/0417-15.jpg\" alt=\"\" class=\"wp-image-4168\" srcset=\"https:\/\/wgphoto.pl\/t\/wp-content\/uploads\/2024\/10\/0417-15.jpg 1300w, https:\/\/wgphoto.pl\/t\/wp-content\/uploads\/2024\/10\/0417-15-300x169.jpg 300w, https:\/\/wgphoto.pl\/t\/wp-content\/uploads\/2024\/10\/0417-15-768x432.jpg 768w\" sizes=\"auto, (max-width: 1300px) 100vw, 1300px\" \/><\/figure>\n\n\n\n<div class=\"wp-block-group has-global-padding is-layout-constrained wp-block-group-is-layout-constrained\">\n<p>ST43-103 wraz z SU45-128 prowadz\u0105 poci\u0105g pospieszny 82100 &#8222;Che\u0142mianin&#8221; z Kostrzyna do Che\u0142ma i Zamo\u015bcia. Sk\u0142ad wyje\u017cd\u017ca ze stacji Strzelce Kraje\u0144skie Wsch\u00f3d. 30.07.2004<\/p>\n<\/div>\n","protected":false},"excerpt":{"rendered":"<p>ST43-103 wraz z SU45-128 prowadz\u0105 poci\u0105g pospieszny 82100 &#8222;Che\u0142mianin&#8221; z Kostrzyna do Che\u0142ma i Zamo\u015bcia. Sk\u0142ad wyje\u017cd\u017ca ze stacji Strzelce Kraje\u0144skie Wsch\u00f3d. 30.07.2004<\/p>\n","protected":false},"author":1,"featured_media":4168,"comment_status":"open","ping_status":"","sticky":false,"template":"","format":"standard","meta":{"footnotes":""},"categories":[62,2,61],"tags":[952,595,63,27,64,800,53,594],"class_list":["post-4167","post","type-post","status-publish","format-standard","has-post-thumbnail","hentry","category-analog","category-kolej","category-rok-2004","tag-2004-07-30","tag-ostbahn","tag-pkp","tag-polska","tag-st43","tag-strzelce-krajenskie-wschod","tag-sygnalizacja-ksztaltowa","tag-tab-pl345"],"_links":{"self":[{"href":"https:\/\/wgphoto.pl\/t\/index.php?rest_route=\/wp\/v2\/posts\/4167","targetHints":{"allow":["GET"]}}],"collection":[{"href":"https:\/\/wgphoto.pl\/t\/index.php?rest_route=\/wp\/v2\/posts"}],"about":[{"href":"https:\/\/wgphoto.pl\/t\/index.php?rest_route=\/wp\/v2\/types\/post"}],"author":[{"embeddable":true,"href":"https:\/\/wgphoto.pl\/t\/index.php?rest_route=\/wp\/v2\/users\/1"}],"replies":[{"embeddable":true,"href":"https:\/\/wgphoto.pl\/t\/index.php?rest_route=%2Fwp%2Fv2%2Fcomments&post=4167"}],"version-history":[{"count":1,"href":"https:\/\/wgphoto.pl\/t\/index.php?rest_route=\/wp\/v2\/posts\/4167\/revisions"}],"predecessor-version":[{"id":4169,"href":"https:\/\/wgphoto.pl\/t\/index.php?rest_route=\/wp\/v2\/posts\/4167\/revisions\/4169"}],"wp:featuredmedia":[{"embeddable":true,"href":"https:\/\/wgphoto.pl\/t\/index.php?rest_route=\/wp\/v2\/media\/4168"}],"wp:attachment":[{"href":"https:\/\/wgphoto.pl\/t\/index.php?rest_route=%2Fwp%2Fv2%2Fmedia&parent=4167"}],"wp:term":[{"taxonomy":"category","embeddable":true,"href":"https:\/\/wgphoto.pl\/t\/index.php?rest_route=%2Fwp%2Fv2%2Fcategories&post=4167"},{"taxonomy":"post_tag","embeddable":true,"href":"https:\/\/wgphoto.pl\/t\/index.php?rest_route=%2Fwp%2Fv2%2Ftags&post=4167"}],"curies":[{"name":"wp","href":"https:\/\/api.w.org\/{rel}","templated":true}]}}