{"id":4173,"date":"2024-10-28T21:07:31","date_gmt":"2024-10-28T20:07:31","guid":{"rendered":"https:\/\/wgphoto.pl\/t\/?p=4173"},"modified":"2024-10-28T21:07:31","modified_gmt":"2024-10-28T20:07:31","slug":"nie-tylko-traktory-zdobeda-wiosne","status":"publish","type":"post","link":"https:\/\/wgphoto.pl\/t\/?p=4173","title":{"rendered":"Nie tylko traktory zdob\u0119d\u0105 wiosn\u0119"},"content":{"rendered":"\n<figure class=\"wp-block-image aligncenter size-full\"><img loading=\"lazy\" decoding=\"async\" width=\"1300\" height=\"867\" src=\"https:\/\/wgphoto.pl\/t\/wp-content\/uploads\/2024\/10\/0511-00.jpg\" alt=\"\" class=\"wp-image-4174\" srcset=\"https:\/\/wgphoto.pl\/t\/wp-content\/uploads\/2024\/10\/0511-00.jpg 1300w, https:\/\/wgphoto.pl\/t\/wp-content\/uploads\/2024\/10\/0511-00-300x200.jpg 300w, https:\/\/wgphoto.pl\/t\/wp-content\/uploads\/2024\/10\/0511-00-768x512.jpg 768w\" sizes=\"auto, (max-width: 1300px) 100vw, 1300px\" \/><\/figure>\n\n\n\n<div class=\"wp-block-group has-global-padding is-layout-constrained wp-block-group-is-layout-constrained\">\n<p>Wroc\u0142aw \u015awiebodzki &#8211; Wroc\u0142aw Zachodni. ET22-023 prowadzi poci\u0105g osobowy 233 z Wroc\u0142awia G\u0142\u00f3wnego do Wa\u0142brzycha G\u0142\u00f3wnego. 15.05.2005<\/p>\n<\/div>\n","protected":false},"excerpt":{"rendered":"<p>Wroc\u0142aw \u015awiebodzki &#8211; Wroc\u0142aw Zachodni. ET22-023 prowadzi poci\u0105g osobowy 233 z Wroc\u0142awia G\u0142\u00f3wnego do Wa\u0142brzycha G\u0142\u00f3wnego. 15.05.2005<\/p>\n","protected":false},"author":1,"featured_media":4174,"comment_status":"open","ping_status":"","sticky":false,"template":"","format":"standard","meta":{"footnotes":""},"categories":[62,2,311],"tags":[1754,288,26,63,27,200,294,41,1515,1623],"class_list":["post-4173","post","type-post","status-publish","format-standard","has-post-thumbnail","hentry","category-analog","category-kolej","category-rok-2005","tag-2005-05-15","tag-bipa","tag-et22","tag-pkp","tag-polska","tag-tab-pl240","tag-wiosna","tag-wroclaw","tag-wroclaw-swiebodzki","tag-wroclaw-zachodni"],"_links":{"self":[{"href":"https:\/\/wgphoto.pl\/t\/index.php?rest_route=\/wp\/v2\/posts\/4173","targetHints":{"allow":["GET"]}}],"collection":[{"href":"https:\/\/wgphoto.pl\/t\/index.php?rest_route=\/wp\/v2\/posts"}],"about":[{"href":"https:\/\/wgphoto.pl\/t\/index.php?rest_route=\/wp\/v2\/types\/post"}],"author":[{"embeddable":true,"href":"https:\/\/wgphoto.pl\/t\/index.php?rest_route=\/wp\/v2\/users\/1"}],"replies":[{"embeddable":true,"href":"https:\/\/wgphoto.pl\/t\/index.php?rest_route=%2Fwp%2Fv2%2Fcomments&post=4173"}],"version-history":[{"count":1,"href":"https:\/\/wgphoto.pl\/t\/index.php?rest_route=\/wp\/v2\/posts\/4173\/revisions"}],"predecessor-version":[{"id":4175,"href":"https:\/\/wgphoto.pl\/t\/index.php?rest_route=\/wp\/v2\/posts\/4173\/revisions\/4175"}],"wp:featuredmedia":[{"embeddable":true,"href":"https:\/\/wgphoto.pl\/t\/index.php?rest_route=\/wp\/v2\/media\/4174"}],"wp:attachment":[{"href":"https:\/\/wgphoto.pl\/t\/index.php?rest_route=%2Fwp%2Fv2%2Fmedia&parent=4173"}],"wp:term":[{"taxonomy":"category","embeddable":true,"href":"https:\/\/wgphoto.pl\/t\/index.php?rest_route=%2Fwp%2Fv2%2Fcategories&post=4173"},{"taxonomy":"post_tag","embeddable":true,"href":"https:\/\/wgphoto.pl\/t\/index.php?rest_route=%2Fwp%2Fv2%2Ftags&post=4173"}],"curies":[{"name":"wp","href":"https:\/\/api.w.org\/{rel}","templated":true}]}}