{"id":4182,"date":"2024-10-28T21:10:31","date_gmt":"2024-10-28T20:10:31","guid":{"rendered":"https:\/\/wgphoto.pl\/t\/?p=4182"},"modified":"2024-10-28T21:10:31","modified_gmt":"2024-10-28T20:10:31","slug":"pieschen","status":"publish","type":"post","link":"https:\/\/wgphoto.pl\/t\/?p=4182","title":{"rendered":"Pieschen"},"content":{"rendered":"\n<figure class=\"wp-block-image aligncenter size-full\"><img loading=\"lazy\" decoding=\"async\" width=\"1200\" height=\"900\" src=\"https:\/\/wgphoto.pl\/t\/wp-content\/uploads\/2024\/10\/IMGP8567.jpg\" alt=\"\" class=\"wp-image-4183\" srcset=\"https:\/\/wgphoto.pl\/t\/wp-content\/uploads\/2024\/10\/IMGP8567.jpg 1200w, https:\/\/wgphoto.pl\/t\/wp-content\/uploads\/2024\/10\/IMGP8567-300x225.jpg 300w, https:\/\/wgphoto.pl\/t\/wp-content\/uploads\/2024\/10\/IMGP8567-768x576.jpg 768w\" sizes=\"auto, (max-width: 1200px) 100vw, 1200px\" \/><\/figure>\n\n\n\n<div class=\"wp-block-group has-global-padding is-layout-constrained wp-block-group-is-layout-constrained\">\n<p>Drezno, B\u00fcrgerstra\u00dfe. NGT6DD 2535 min\u0105\u0142 przepi\u0119knej urody ratusz dzielnicy Pieschen. 21.10.2010<\/p>\n<\/div>\n","protected":false},"excerpt":{"rendered":"<p>Drezno, B\u00fcrgerstra\u00dfe. NGT6DD 2535 min\u0105\u0142 przepi\u0119knej urody ratusz dzielnicy Pieschen. 21.10.2010<\/p>\n","protected":false},"author":1,"featured_media":4183,"comment_status":"open","ping_status":"","sticky":false,"template":"","format":"standard","meta":{"footnotes":""},"categories":[86,3],"tags":[855,34,851,850,23,853],"class_list":["post-4182","post","type-post","status-publish","format-standard","has-post-thumbnail","hentry","category-rok-2010","category-tramwaj","tag-2010-10-21","tag-architektura","tag-drezno","tag-dvb-dresden","tag-niemcy","tag-sachsen-tram"],"_links":{"self":[{"href":"https:\/\/wgphoto.pl\/t\/index.php?rest_route=\/wp\/v2\/posts\/4182","targetHints":{"allow":["GET"]}}],"collection":[{"href":"https:\/\/wgphoto.pl\/t\/index.php?rest_route=\/wp\/v2\/posts"}],"about":[{"href":"https:\/\/wgphoto.pl\/t\/index.php?rest_route=\/wp\/v2\/types\/post"}],"author":[{"embeddable":true,"href":"https:\/\/wgphoto.pl\/t\/index.php?rest_route=\/wp\/v2\/users\/1"}],"replies":[{"embeddable":true,"href":"https:\/\/wgphoto.pl\/t\/index.php?rest_route=%2Fwp%2Fv2%2Fcomments&post=4182"}],"version-history":[{"count":1,"href":"https:\/\/wgphoto.pl\/t\/index.php?rest_route=\/wp\/v2\/posts\/4182\/revisions"}],"predecessor-version":[{"id":4184,"href":"https:\/\/wgphoto.pl\/t\/index.php?rest_route=\/wp\/v2\/posts\/4182\/revisions\/4184"}],"wp:featuredmedia":[{"embeddable":true,"href":"https:\/\/wgphoto.pl\/t\/index.php?rest_route=\/wp\/v2\/media\/4183"}],"wp:attachment":[{"href":"https:\/\/wgphoto.pl\/t\/index.php?rest_route=%2Fwp%2Fv2%2Fmedia&parent=4182"}],"wp:term":[{"taxonomy":"category","embeddable":true,"href":"https:\/\/wgphoto.pl\/t\/index.php?rest_route=%2Fwp%2Fv2%2Fcategories&post=4182"},{"taxonomy":"post_tag","embeddable":true,"href":"https:\/\/wgphoto.pl\/t\/index.php?rest_route=%2Fwp%2Fv2%2Ftags&post=4182"}],"curies":[{"name":"wp","href":"https:\/\/api.w.org\/{rel}","templated":true}]}}