{"id":4185,"date":"2024-10-28T21:11:39","date_gmt":"2024-10-28T20:11:39","guid":{"rendered":"https:\/\/wgphoto.pl\/t\/?p=4185"},"modified":"2024-12-15T17:32:03","modified_gmt":"2024-12-15T16:32:03","slug":"gorka-z-pomnikiem","status":"publish","type":"post","link":"https:\/\/wgphoto.pl\/t\/?p=4185","title":{"rendered":"G\u00f3rka z pomnikiem"},"content":{"rendered":"\n<figure class=\"wp-block-image aligncenter size-full\"><img loading=\"lazy\" decoding=\"async\" width=\"1300\" height=\"867\" src=\"https:\/\/wgphoto.pl\/t\/wp-content\/uploads\/2024\/10\/0327-15.jpg\" alt=\"\" class=\"wp-image-4186\" srcset=\"https:\/\/wgphoto.pl\/t\/wp-content\/uploads\/2024\/10\/0327-15.jpg 1300w, https:\/\/wgphoto.pl\/t\/wp-content\/uploads\/2024\/10\/0327-15-300x200.jpg 300w, https:\/\/wgphoto.pl\/t\/wp-content\/uploads\/2024\/10\/0327-15-768x512.jpg 768w\" sizes=\"auto, (max-width: 1300px) 100vw, 1300px\" \/><\/figure>\n\n\n\n<div class=\"wp-block-group has-global-padding is-layout-constrained wp-block-group-is-layout-constrained\">\n<p>Wroc\u0142aw, p\u0119tla Opor\u00f3w. Zestaw 105Na 2488+2486 wyrusza w kolejny kurs do placu Legion\u00f3w, mijaj\u0105c &#8222;g\u00f3rk\u0119 z pomnikiem&#8221; na cmentarzu \u017co\u0142nierzy polskich. Zawsze pasowa\u0142 mi tu taki kadr, ale mo\u017cna by\u0142o go zrealizowa\u0107 tylko z tramwajem od ty\u0142u. Sk\u0142ady wahad\u0142owe umo\u017cliwi\u0142y wi\u0119c jego realizacj\u0119 z widocznym przodem tramwaju. 29.07.2003<\/p>\n<\/div>\n","protected":false},"excerpt":{"rendered":"<p>Wroc\u0142aw, p\u0119tla Opor\u00f3w. Zestaw 105Na 2488+2486 wyrusza w kolejny kurs do placu Legion\u00f3w, mijaj\u0105c &#8222;g\u00f3rk\u0119 z pomnikiem&#8221; na cmentarzu \u017co\u0142nierzy polskich. Zawsze pasowa\u0142 mi tu taki kadr, ale mo\u017cna by\u0142o go zrealizowa\u0107 tylko z tramwajem od ty\u0142u. Sk\u0142ady wahad\u0142owe umo\u017cliwi\u0142y wi\u0119c jego realizacj\u0119 z widocznym przodem tramwaju. 29.07.2003<\/p>\n","protected":false},"author":1,"featured_media":4186,"comment_status":"open","ping_status":"","sticky":false,"template":"","format":"standard","meta":{"footnotes":""},"categories":[62,149,3],"tags":[155,1349,173,42,27,1990,41],"class_list":["post-4185","post","type-post","status-publish","format-standard","has-post-thumbnail","hentry","category-analog","category-rok-2003","category-tramwaj","tag-105na","tag-2003-07-29","tag-koncowki","tag-mpk-wroclaw","tag-polska","tag-ruch-wahadlowy","tag-wroclaw"],"_links":{"self":[{"href":"https:\/\/wgphoto.pl\/t\/index.php?rest_route=\/wp\/v2\/posts\/4185","targetHints":{"allow":["GET"]}}],"collection":[{"href":"https:\/\/wgphoto.pl\/t\/index.php?rest_route=\/wp\/v2\/posts"}],"about":[{"href":"https:\/\/wgphoto.pl\/t\/index.php?rest_route=\/wp\/v2\/types\/post"}],"author":[{"embeddable":true,"href":"https:\/\/wgphoto.pl\/t\/index.php?rest_route=\/wp\/v2\/users\/1"}],"replies":[{"embeddable":true,"href":"https:\/\/wgphoto.pl\/t\/index.php?rest_route=%2Fwp%2Fv2%2Fcomments&post=4185"}],"version-history":[{"count":1,"href":"https:\/\/wgphoto.pl\/t\/index.php?rest_route=\/wp\/v2\/posts\/4185\/revisions"}],"predecessor-version":[{"id":4187,"href":"https:\/\/wgphoto.pl\/t\/index.php?rest_route=\/wp\/v2\/posts\/4185\/revisions\/4187"}],"wp:featuredmedia":[{"embeddable":true,"href":"https:\/\/wgphoto.pl\/t\/index.php?rest_route=\/wp\/v2\/media\/4186"}],"wp:attachment":[{"href":"https:\/\/wgphoto.pl\/t\/index.php?rest_route=%2Fwp%2Fv2%2Fmedia&parent=4185"}],"wp:term":[{"taxonomy":"category","embeddable":true,"href":"https:\/\/wgphoto.pl\/t\/index.php?rest_route=%2Fwp%2Fv2%2Fcategories&post=4185"},{"taxonomy":"post_tag","embeddable":true,"href":"https:\/\/wgphoto.pl\/t\/index.php?rest_route=%2Fwp%2Fv2%2Ftags&post=4185"}],"curies":[{"name":"wp","href":"https:\/\/api.w.org\/{rel}","templated":true}]}}