{"id":4188,"date":"2024-10-28T21:13:02","date_gmt":"2024-10-28T20:13:02","guid":{"rendered":"https:\/\/wgphoto.pl\/t\/?p=4188"},"modified":"2024-12-15T17:31:48","modified_gmt":"2024-12-15T16:31:48","slug":"105na-23202325","status":"publish","type":"post","link":"https:\/\/wgphoto.pl\/t\/?p=4188","title":{"rendered":"105Na 2320+2325"},"content":{"rendered":"\n<figure class=\"wp-block-image aligncenter size-full\"><img loading=\"lazy\" decoding=\"async\" width=\"1300\" height=\"867\" src=\"https:\/\/wgphoto.pl\/t\/wp-content\/uploads\/2024\/10\/0329-24.jpg\" alt=\"\" class=\"wp-image-4189\" srcset=\"https:\/\/wgphoto.pl\/t\/wp-content\/uploads\/2024\/10\/0329-24.jpg 1300w, https:\/\/wgphoto.pl\/t\/wp-content\/uploads\/2024\/10\/0329-24-300x200.jpg 300w, https:\/\/wgphoto.pl\/t\/wp-content\/uploads\/2024\/10\/0329-24-768x512.jpg 768w\" sizes=\"auto, (max-width: 1300px) 100vw, 1300px\" \/><\/figure>\n\n\n\n<div class=\"wp-block-group has-global-padding is-layout-constrained wp-block-group-is-layout-constrained\">\n<p>Tytu\u0142owy tramwaj mija ko\u015bci\u00f3\u0142 pw. \u015aw. El\u017cbiety przy ul. Grabiszy\u0144skiej we Wroc\u0142awiu. By\u0142 to jeden z nielicznych sk\u0142ad\u00f3w \u00f3wczesnych wahade\u0142, zestawionych z wagon\u00f3w kursuj\u0105cych razem na co dzie\u0144. Sta\u0142o si\u0119 tak zapewne dlatego, \u017ce oba wozy s\u0105 by\u0142ymi sol\u00f3wkami (a mo\u017ce trzecimi wozami z potr\u00f3jniak\u00f3w?) i dzi\u0119ki temu posiada\u0142y kompletne kabiny. Na og\u00f3\u0142 bowiem kabina w doczepie by\u0142a nieco zdekompletowana. 03.08.2003<\/p>\n<\/div>\n","protected":false},"excerpt":{"rendered":"<p>Tytu\u0142owy tramwaj mija ko\u015bci\u00f3\u0142 pw. \u015aw. El\u017cbiety przy ul. Grabiszy\u0144skiej we Wroc\u0142awiu. By\u0142 to jeden z nielicznych sk\u0142ad\u00f3w \u00f3wczesnych wahade\u0142, zestawionych z wagon\u00f3w kursuj\u0105cych razem na co dzie\u0144. Sta\u0142o si\u0119 tak zapewne dlatego, \u017ce oba wozy s\u0105 by\u0142ymi sol\u00f3wkami (a mo\u017ce trzecimi wozami z potr\u00f3jniak\u00f3w?) i dzi\u0119ki temu posiada\u0142y kompletne kabiny. Na og\u00f3\u0142 bowiem kabina [&hellip;]<\/p>\n","protected":false},"author":1,"featured_media":4189,"comment_status":"open","ping_status":"","sticky":false,"template":"","format":"standard","meta":{"footnotes":""},"categories":[62,149,3],"tags":[155,1536,42,27,1990,41],"class_list":["post-4188","post","type-post","status-publish","format-standard","has-post-thumbnail","hentry","category-analog","category-rok-2003","category-tramwaj","tag-105na","tag-2003-08-03","tag-mpk-wroclaw","tag-polska","tag-ruch-wahadlowy","tag-wroclaw"],"_links":{"self":[{"href":"https:\/\/wgphoto.pl\/t\/index.php?rest_route=\/wp\/v2\/posts\/4188","targetHints":{"allow":["GET"]}}],"collection":[{"href":"https:\/\/wgphoto.pl\/t\/index.php?rest_route=\/wp\/v2\/posts"}],"about":[{"href":"https:\/\/wgphoto.pl\/t\/index.php?rest_route=\/wp\/v2\/types\/post"}],"author":[{"embeddable":true,"href":"https:\/\/wgphoto.pl\/t\/index.php?rest_route=\/wp\/v2\/users\/1"}],"replies":[{"embeddable":true,"href":"https:\/\/wgphoto.pl\/t\/index.php?rest_route=%2Fwp%2Fv2%2Fcomments&post=4188"}],"version-history":[{"count":1,"href":"https:\/\/wgphoto.pl\/t\/index.php?rest_route=\/wp\/v2\/posts\/4188\/revisions"}],"predecessor-version":[{"id":4190,"href":"https:\/\/wgphoto.pl\/t\/index.php?rest_route=\/wp\/v2\/posts\/4188\/revisions\/4190"}],"wp:featuredmedia":[{"embeddable":true,"href":"https:\/\/wgphoto.pl\/t\/index.php?rest_route=\/wp\/v2\/media\/4189"}],"wp:attachment":[{"href":"https:\/\/wgphoto.pl\/t\/index.php?rest_route=%2Fwp%2Fv2%2Fmedia&parent=4188"}],"wp:term":[{"taxonomy":"category","embeddable":true,"href":"https:\/\/wgphoto.pl\/t\/index.php?rest_route=%2Fwp%2Fv2%2Fcategories&post=4188"},{"taxonomy":"post_tag","embeddable":true,"href":"https:\/\/wgphoto.pl\/t\/index.php?rest_route=%2Fwp%2Fv2%2Ftags&post=4188"}],"curies":[{"name":"wp","href":"https:\/\/api.w.org\/{rel}","templated":true}]}}