{"id":4194,"date":"2024-10-28T21:15:13","date_gmt":"2024-10-28T20:15:13","guid":{"rendered":"https:\/\/wgphoto.pl\/t\/?p=4194"},"modified":"2024-10-28T21:15:13","modified_gmt":"2024-10-28T20:15:13","slug":"pendo-pod-mala-fatra","status":"publish","type":"post","link":"https:\/\/wgphoto.pl\/t\/?p=4194","title":{"rendered":"Pendo pod Ma\u0142\u0105 Fatr\u0105"},"content":{"rendered":"\n<figure class=\"wp-block-image aligncenter size-full\"><img loading=\"lazy\" decoding=\"async\" width=\"1300\" height=\"861\" src=\"https:\/\/wgphoto.pl\/t\/wp-content\/uploads\/2024\/10\/IMGP4490.jpg\" alt=\"\" class=\"wp-image-4195\" srcset=\"https:\/\/wgphoto.pl\/t\/wp-content\/uploads\/2024\/10\/IMGP4490.jpg 1300w, https:\/\/wgphoto.pl\/t\/wp-content\/uploads\/2024\/10\/IMGP4490-300x199.jpg 300w, https:\/\/wgphoto.pl\/t\/wp-content\/uploads\/2024\/10\/IMGP4490-768x509.jpg 768w\" sizes=\"auto, (max-width: 1300px) 100vw, 1300px\" \/><\/figure>\n\n\n\n<div class=\"wp-block-group has-global-padding is-layout-constrained wp-block-group-is-layout-constrained\">\n<p>Czeska jednostka 680.006 jako SuperCity 240 &#8222;Pendolino Ko\u0161i\u010dan&#8221; z Koszyc do Pragi mija stacj\u0119 Var\u00edn, zostawiaj\u0105c za sob\u0105 pasmo Ma\u0142ej Fatry. 13.08.2019<\/p>\n<\/div>\n","protected":false},"excerpt":{"rendered":"<p>Czeska jednostka 680.006 jako SuperCity 240 &#8222;Pendolino Ko\u0161i\u010dan&#8221; z Koszyc do Pragi mija stacj\u0119 Var\u00edn, zostawiaj\u0105c za sob\u0105 pasmo Ma\u0142ej Fatry. 13.08.2019<\/p>\n","protected":false},"author":1,"featured_media":4195,"comment_status":"open","ping_status":"","sticky":false,"template":"","format":"standard","meta":{"footnotes":""},"categories":[2,136],"tags":[1760,50,114,303,754,1168,675,1759],"class_list":["post-4194","post","type-post","status-publish","format-standard","has-post-thumbnail","hentry","category-kolej","category-rok-2019","tag-2019-08-13","tag-cd","tag-gory","tag-industrial","tag-pendolino","tag-sierpniowka-2019","tag-slowacja","tag-varin"],"_links":{"self":[{"href":"https:\/\/wgphoto.pl\/t\/index.php?rest_route=\/wp\/v2\/posts\/4194","targetHints":{"allow":["GET"]}}],"collection":[{"href":"https:\/\/wgphoto.pl\/t\/index.php?rest_route=\/wp\/v2\/posts"}],"about":[{"href":"https:\/\/wgphoto.pl\/t\/index.php?rest_route=\/wp\/v2\/types\/post"}],"author":[{"embeddable":true,"href":"https:\/\/wgphoto.pl\/t\/index.php?rest_route=\/wp\/v2\/users\/1"}],"replies":[{"embeddable":true,"href":"https:\/\/wgphoto.pl\/t\/index.php?rest_route=%2Fwp%2Fv2%2Fcomments&post=4194"}],"version-history":[{"count":1,"href":"https:\/\/wgphoto.pl\/t\/index.php?rest_route=\/wp\/v2\/posts\/4194\/revisions"}],"predecessor-version":[{"id":4196,"href":"https:\/\/wgphoto.pl\/t\/index.php?rest_route=\/wp\/v2\/posts\/4194\/revisions\/4196"}],"wp:featuredmedia":[{"embeddable":true,"href":"https:\/\/wgphoto.pl\/t\/index.php?rest_route=\/wp\/v2\/media\/4195"}],"wp:attachment":[{"href":"https:\/\/wgphoto.pl\/t\/index.php?rest_route=%2Fwp%2Fv2%2Fmedia&parent=4194"}],"wp:term":[{"taxonomy":"category","embeddable":true,"href":"https:\/\/wgphoto.pl\/t\/index.php?rest_route=%2Fwp%2Fv2%2Fcategories&post=4194"},{"taxonomy":"post_tag","embeddable":true,"href":"https:\/\/wgphoto.pl\/t\/index.php?rest_route=%2Fwp%2Fv2%2Ftags&post=4194"}],"curies":[{"name":"wp","href":"https:\/\/api.w.org\/{rel}","templated":true}]}}