{"id":4197,"date":"2024-10-28T21:16:18","date_gmt":"2024-10-28T20:16:18","guid":{"rendered":"https:\/\/wgphoto.pl\/t\/?p=4197"},"modified":"2024-10-28T21:16:18","modified_gmt":"2024-10-28T20:16:18","slug":"st43-368","status":"publish","type":"post","link":"https:\/\/wgphoto.pl\/t\/?p=4197","title":{"rendered":"ST43-368"},"content":{"rendered":"\n<figure class=\"wp-block-image aligncenter size-full\"><img loading=\"lazy\" decoding=\"async\" width=\"1300\" height=\"870\" src=\"https:\/\/wgphoto.pl\/t\/wp-content\/uploads\/2024\/10\/IMGP6392.jpg\" alt=\"\" class=\"wp-image-4198\" srcset=\"https:\/\/wgphoto.pl\/t\/wp-content\/uploads\/2024\/10\/IMGP6392.jpg 1300w, https:\/\/wgphoto.pl\/t\/wp-content\/uploads\/2024\/10\/IMGP6392-300x201.jpg 300w, https:\/\/wgphoto.pl\/t\/wp-content\/uploads\/2024\/10\/IMGP6392-768x514.jpg 768w\" sizes=\"auto, (max-width: 1300px) 100vw, 1300px\" \/><\/figure>\n\n\n\n<div class=\"wp-block-group has-global-padding is-layout-constrained wp-block-group-is-layout-constrained\">\n<p>ST43-368 z pr\u00f3\u017cnymi w\u0119glarkami na haku przedwieczorn\u0105 por\u0105 zbli\u017ca si\u0119 do \u015acinawki \u015aredniej. Na horyzoncie rysuj\u0105 si\u0119 sudeckie pasma zamykaj\u0105ce Kotlin\u0119 K\u0142odzk\u0105 od wschodu. 04.07.2009<\/p>\n<\/div>\n","protected":false},"excerpt":{"rendered":"<p>ST43-368 z pr\u00f3\u017cnymi w\u0119glarkami na haku przedwieczorn\u0105 por\u0105 zbli\u017ca si\u0119 do \u015acinawki \u015aredniej. Na horyzoncie rysuj\u0105 si\u0119 sudeckie pasma zamykaj\u0105ce Kotlin\u0119 K\u0142odzk\u0105 od wschodu. 04.07.2009<\/p>\n","protected":false},"author":1,"featured_media":4198,"comment_status":"open","ping_status":"","sticky":false,"template":"","format":"standard","meta":{"footnotes":""},"categories":[2,169],"tags":[1762,1761,63,27,1066,64,391],"class_list":["post-4197","post","type-post","status-publish","format-standard","has-post-thumbnail","hentry","category-kolej","category-rok-2009","tag-2009-07-04","tag-gorzuchow-klodzki","tag-pkp","tag-polska","tag-scinawka-srednia","tag-st43","tag-tab-pl245"],"_links":{"self":[{"href":"https:\/\/wgphoto.pl\/t\/index.php?rest_route=\/wp\/v2\/posts\/4197","targetHints":{"allow":["GET"]}}],"collection":[{"href":"https:\/\/wgphoto.pl\/t\/index.php?rest_route=\/wp\/v2\/posts"}],"about":[{"href":"https:\/\/wgphoto.pl\/t\/index.php?rest_route=\/wp\/v2\/types\/post"}],"author":[{"embeddable":true,"href":"https:\/\/wgphoto.pl\/t\/index.php?rest_route=\/wp\/v2\/users\/1"}],"replies":[{"embeddable":true,"href":"https:\/\/wgphoto.pl\/t\/index.php?rest_route=%2Fwp%2Fv2%2Fcomments&post=4197"}],"version-history":[{"count":1,"href":"https:\/\/wgphoto.pl\/t\/index.php?rest_route=\/wp\/v2\/posts\/4197\/revisions"}],"predecessor-version":[{"id":4199,"href":"https:\/\/wgphoto.pl\/t\/index.php?rest_route=\/wp\/v2\/posts\/4197\/revisions\/4199"}],"wp:featuredmedia":[{"embeddable":true,"href":"https:\/\/wgphoto.pl\/t\/index.php?rest_route=\/wp\/v2\/media\/4198"}],"wp:attachment":[{"href":"https:\/\/wgphoto.pl\/t\/index.php?rest_route=%2Fwp%2Fv2%2Fmedia&parent=4197"}],"wp:term":[{"taxonomy":"category","embeddable":true,"href":"https:\/\/wgphoto.pl\/t\/index.php?rest_route=%2Fwp%2Fv2%2Fcategories&post=4197"},{"taxonomy":"post_tag","embeddable":true,"href":"https:\/\/wgphoto.pl\/t\/index.php?rest_route=%2Fwp%2Fv2%2Ftags&post=4197"}],"curies":[{"name":"wp","href":"https:\/\/api.w.org\/{rel}","templated":true}]}}