{"id":4207,"date":"2024-10-28T21:21:47","date_gmt":"2024-10-28T20:21:47","guid":{"rendered":"https:\/\/wgphoto.pl\/t\/?p=4207"},"modified":"2025-02-13T22:32:41","modified_gmt":"2025-02-13T21:32:41","slug":"tgv-na-linii-niskiej-predkosci","status":"publish","type":"post","link":"https:\/\/wgphoto.pl\/t\/?p=4207","title":{"rendered":"TGV na linii niskiej pr\u0119dko\u015bci"},"content":{"rendered":"\n<figure class=\"wp-block-image aligncenter size-full\"><img loading=\"lazy\" decoding=\"async\" width=\"1300\" height=\"861\" src=\"https:\/\/wgphoto.pl\/t\/wp-content\/uploads\/2024\/10\/IMGP6869.jpg\" alt=\"\" class=\"wp-image-4208\" srcset=\"https:\/\/wgphoto.pl\/t\/wp-content\/uploads\/2024\/10\/IMGP6869.jpg 1300w, https:\/\/wgphoto.pl\/t\/wp-content\/uploads\/2024\/10\/IMGP6869-300x199.jpg 300w, https:\/\/wgphoto.pl\/t\/wp-content\/uploads\/2024\/10\/IMGP6869-768x509.jpg 768w\" sizes=\"auto, (max-width: 1300px) 100vw, 1300px\" \/><\/figure>\n\n\n\n<div class=\"wp-block-group has-global-padding is-layout-constrained wp-block-group-is-layout-constrained\">\n<p>TGV Lyria to marka po\u0142\u0105cze\u0144 TGV \u0142\u0105cz\u0105cych Francj\u0119 ze Szwajcari\u0105, obs\u0142ugiwanych przez sp\u00f3\u0142k\u0119 b\u0119d\u0105c\u0105 w\u0142asno\u015bci\u0105 SNCF i SBB. Taki w\u0142a\u015bnie sk\u0142ad mija przygraniczne Saint Louis jad\u0105c w stron\u0119 Bazylei. Foto nie powala, bo sk\u0142ad mnie zaskoczy\u0142. Przemkn\u0105\u0142 przez stacj\u0119 z pr\u0119dko\u015bci\u0105 z zakresu (na oko) 120-160 km\/h. 20.03.2018<\/p>\n<\/div>\n","protected":false},"excerpt":{"rendered":"<p>TGV Lyria to marka po\u0142\u0105cze\u0144 TGV \u0142\u0105cz\u0105cych Francj\u0119 ze Szwajcari\u0105, obs\u0142ugiwanych przez sp\u00f3\u0142k\u0119 b\u0119d\u0105c\u0105 w\u0142asno\u015bci\u0105 SNCF i SBB. Taki w\u0142a\u015bnie sk\u0142ad mija przygraniczne Saint Louis jad\u0105c w stron\u0119 Bazylei. Foto nie powala, bo sk\u0142ad mnie zaskoczy\u0142. Przemkn\u0105\u0142 przez stacj\u0119 z pr\u0119dko\u015bci\u0105 z zakresu (na oko) 120-160 km\/h. 20.03.2018<\/p>\n","protected":false},"author":1,"featured_media":4208,"comment_status":"open","ping_status":"","sticky":false,"template":"","format":"standard","meta":{"footnotes":""},"categories":[2,156],"tags":[602,415,24,1763,1764,183,3146],"class_list":["post-4207","post","type-post","status-publish","format-standard","has-post-thumbnail","hentry","category-kolej","category-rok-2018","tag-2018-03-20","tag-francja","tag-perony","tag-saint-louis","tag-sncf","tag-suissetrip-2018","tag-tgv"],"_links":{"self":[{"href":"https:\/\/wgphoto.pl\/t\/index.php?rest_route=\/wp\/v2\/posts\/4207","targetHints":{"allow":["GET"]}}],"collection":[{"href":"https:\/\/wgphoto.pl\/t\/index.php?rest_route=\/wp\/v2\/posts"}],"about":[{"href":"https:\/\/wgphoto.pl\/t\/index.php?rest_route=\/wp\/v2\/types\/post"}],"author":[{"embeddable":true,"href":"https:\/\/wgphoto.pl\/t\/index.php?rest_route=\/wp\/v2\/users\/1"}],"replies":[{"embeddable":true,"href":"https:\/\/wgphoto.pl\/t\/index.php?rest_route=%2Fwp%2Fv2%2Fcomments&post=4207"}],"version-history":[{"count":1,"href":"https:\/\/wgphoto.pl\/t\/index.php?rest_route=\/wp\/v2\/posts\/4207\/revisions"}],"predecessor-version":[{"id":4209,"href":"https:\/\/wgphoto.pl\/t\/index.php?rest_route=\/wp\/v2\/posts\/4207\/revisions\/4209"}],"wp:featuredmedia":[{"embeddable":true,"href":"https:\/\/wgphoto.pl\/t\/index.php?rest_route=\/wp\/v2\/media\/4208"}],"wp:attachment":[{"href":"https:\/\/wgphoto.pl\/t\/index.php?rest_route=%2Fwp%2Fv2%2Fmedia&parent=4207"}],"wp:term":[{"taxonomy":"category","embeddable":true,"href":"https:\/\/wgphoto.pl\/t\/index.php?rest_route=%2Fwp%2Fv2%2Fcategories&post=4207"},{"taxonomy":"post_tag","embeddable":true,"href":"https:\/\/wgphoto.pl\/t\/index.php?rest_route=%2Fwp%2Fv2%2Ftags&post=4207"}],"curies":[{"name":"wp","href":"https:\/\/api.w.org\/{rel}","templated":true}]}}