{"id":4210,"date":"2024-10-28T21:22:57","date_gmt":"2024-10-28T20:22:57","guid":{"rendered":"https:\/\/wgphoto.pl\/t\/?p=4210"},"modified":"2024-10-28T21:22:57","modified_gmt":"2024-10-28T20:22:57","slug":"vertrek-czy-depart","status":"publish","type":"post","link":"https:\/\/wgphoto.pl\/t\/?p=4210","title":{"rendered":"Vertrek czy d\u00e9part?"},"content":{"rendered":"\n<figure class=\"wp-block-image aligncenter size-full\"><img loading=\"lazy\" decoding=\"async\" width=\"1300\" height=\"861\" src=\"https:\/\/wgphoto.pl\/t\/wp-content\/uploads\/2024\/10\/IMGP0944.jpg\" alt=\"\" class=\"wp-image-4211\" srcset=\"https:\/\/wgphoto.pl\/t\/wp-content\/uploads\/2024\/10\/IMGP0944.jpg 1300w, https:\/\/wgphoto.pl\/t\/wp-content\/uploads\/2024\/10\/IMGP0944-300x199.jpg 300w, https:\/\/wgphoto.pl\/t\/wp-content\/uploads\/2024\/10\/IMGP0944-768x509.jpg 768w\" sizes=\"auto, (max-width: 1300px) 100vw, 1300px\" \/><\/figure>\n\n\n\n<div class=\"wp-block-group has-global-padding is-layout-constrained wp-block-group-is-layout-constrained\">\n<p>Uccle, Avenue Winston Churchill \/ Ukkel, Winston Churchilllaan. W Regionie Sto\u0142ecznym Brukseli wszystko jest dwuj\u0119zyczne, r\u00f3wnie\u017c informacja pasa\u017cerska na tramwajach. Cityrunnery ze zdj\u0119cia oczekuj\u0105 pory odjazdu na placu w formie ronda, gdzie ko\u0144cz\u0105 tras\u0119 linie 3 i 7, razem tworz\u0105ce tras\u0119 p\u00f3\u0142ok\u00f3ln\u0105. Istnieje tu mo\u017cliwo\u015b\u0107 zawr\u00f3cenia, wi\u0119c ka\u017cda linia mog\u0142aby si\u0119 obraca\u0107, ale praktykowana jest raczej, z tego co zauwa\u017cy\u0142em, zmiana numeru linii bez zmiany kierunku jazdy, a poniewa\u017c obie trasy ci\u0105gn\u0105 si\u0119 przez ca\u0142e miasto i musz\u0105 tu wyr\u00f3wna\u0107 czas, to ca\u0142y plac &#8211; na \u015brodku, na &#8222;rondzie&#8221;, przed i za w\u0119z\u0142em &#8211; zastawiony jest tramwajami. 17.08.2018<\/p>\n<\/div>\n","protected":false},"excerpt":{"rendered":"<p>Uccle, Avenue Winston Churchill \/ Ukkel, Winston Churchilllaan. W Regionie Sto\u0142ecznym Brukseli wszystko jest dwuj\u0119zyczne, r\u00f3wnie\u017c informacja pasa\u017cerska na tramwajach. Cityrunnery ze zdj\u0119cia oczekuj\u0105 pory odjazdu na placu w formie ronda, gdzie ko\u0144cz\u0105 tras\u0119 linie 3 i 7, razem tworz\u0105ce tras\u0119 p\u00f3\u0142ok\u00f3ln\u0105. Istnieje tu mo\u017cliwo\u015b\u0107 zawr\u00f3cenia, wi\u0119c ka\u017cda linia mog\u0142aby si\u0119 obraca\u0107, ale praktykowana jest [&hellip;]<\/p>\n","protected":false},"author":1,"featured_media":4211,"comment_status":"open","ping_status":"","sticky":false,"template":"","format":"standard","meta":{"footnotes":""},"categories":[156,3],"tags":[697,695,696,692,185,173,693,90],"class_list":["post-4210","post","type-post","status-publish","format-standard","has-post-thumbnail","hentry","category-rok-2018","category-tramwaj","tag-2018-08-17","tag-belgia","tag-belgia-2018","tag-bruksela","tag-cityrunner","tag-koncowki","tag-stib-mivb-bruxelles","tag-wieczorem"],"_links":{"self":[{"href":"https:\/\/wgphoto.pl\/t\/index.php?rest_route=\/wp\/v2\/posts\/4210","targetHints":{"allow":["GET"]}}],"collection":[{"href":"https:\/\/wgphoto.pl\/t\/index.php?rest_route=\/wp\/v2\/posts"}],"about":[{"href":"https:\/\/wgphoto.pl\/t\/index.php?rest_route=\/wp\/v2\/types\/post"}],"author":[{"embeddable":true,"href":"https:\/\/wgphoto.pl\/t\/index.php?rest_route=\/wp\/v2\/users\/1"}],"replies":[{"embeddable":true,"href":"https:\/\/wgphoto.pl\/t\/index.php?rest_route=%2Fwp%2Fv2%2Fcomments&post=4210"}],"version-history":[{"count":1,"href":"https:\/\/wgphoto.pl\/t\/index.php?rest_route=\/wp\/v2\/posts\/4210\/revisions"}],"predecessor-version":[{"id":4212,"href":"https:\/\/wgphoto.pl\/t\/index.php?rest_route=\/wp\/v2\/posts\/4210\/revisions\/4212"}],"wp:featuredmedia":[{"embeddable":true,"href":"https:\/\/wgphoto.pl\/t\/index.php?rest_route=\/wp\/v2\/media\/4211"}],"wp:attachment":[{"href":"https:\/\/wgphoto.pl\/t\/index.php?rest_route=%2Fwp%2Fv2%2Fmedia&parent=4210"}],"wp:term":[{"taxonomy":"category","embeddable":true,"href":"https:\/\/wgphoto.pl\/t\/index.php?rest_route=%2Fwp%2Fv2%2Fcategories&post=4210"},{"taxonomy":"post_tag","embeddable":true,"href":"https:\/\/wgphoto.pl\/t\/index.php?rest_route=%2Fwp%2Fv2%2Ftags&post=4210"}],"curies":[{"name":"wp","href":"https:\/\/api.w.org\/{rel}","templated":true}]}}