{"id":4213,"date":"2024-10-28T21:24:04","date_gmt":"2024-10-28T20:24:04","guid":{"rendered":"https:\/\/wgphoto.pl\/t\/?p=4213"},"modified":"2024-10-28T21:24:04","modified_gmt":"2024-10-28T20:24:04","slug":"kameleon","status":"publish","type":"post","link":"https:\/\/wgphoto.pl\/t\/?p=4213","title":{"rendered":"Kameleon"},"content":{"rendered":"\n<figure class=\"wp-block-image aligncenter size-full\"><img loading=\"lazy\" decoding=\"async\" width=\"1000\" height=\"1000\" src=\"https:\/\/wgphoto.pl\/t\/wp-content\/uploads\/2024\/10\/IMGP8021-Pano.jpg\" alt=\"\" class=\"wp-image-4214\" srcset=\"https:\/\/wgphoto.pl\/t\/wp-content\/uploads\/2024\/10\/IMGP8021-Pano.jpg 1000w, https:\/\/wgphoto.pl\/t\/wp-content\/uploads\/2024\/10\/IMGP8021-Pano-300x300.jpg 300w, https:\/\/wgphoto.pl\/t\/wp-content\/uploads\/2024\/10\/IMGP8021-Pano-150x150.jpg 150w, https:\/\/wgphoto.pl\/t\/wp-content\/uploads\/2024\/10\/IMGP8021-Pano-768x768.jpg 768w\" sizes=\"auto, (max-width: 1000px) 100vw, 1000px\" \/><\/figure>\n\n\n\n<div class=\"wp-block-group has-global-padding is-layout-constrained wp-block-group-is-layout-constrained\">\n<p>Wroc\u0142aw, skrzy\u017cowanie ul. Szewskiej z O\u0142awsk\u0105. <em>Wrazik<\/em> nr 2708 odje\u017cd\u017ca spod domu handlowego Kameleon. Puste ulice i deptaki pozwoli\u0142y na wykonanie w tym miejscu czystego kadru, a panorama po\u0142\u0105czona wzwy\u017c &#8211; z\u0142apanie ca\u0142ego budynku na 17 mm. 26.04.2020<\/p>\n<\/div>\n","protected":false},"excerpt":{"rendered":"<p>Wroc\u0142aw, skrzy\u017cowanie ul. Szewskiej z O\u0142awsk\u0105. Wrazik nr 2708 odje\u017cd\u017ca spod domu handlowego Kameleon. Puste ulice i deptaki pozwoli\u0142y na wykonanie w tym miejscu czystego kadru, a panorama po\u0142\u0105czona wzwy\u017c &#8211; z\u0142apanie ca\u0142ego budynku na 17 mm. 26.04.2020<\/p>\n","protected":false},"author":1,"featured_media":4214,"comment_status":"open","ping_status":"","sticky":false,"template":"","format":"standard","meta":{"footnotes":""},"categories":[676,3],"tags":[1766,34,239,42,1765,27,1096,41],"class_list":["post-4213","post","type-post","status-publish","format-standard","has-post-thumbnail","hentry","category-rok-2020","category-tramwaj","tag-2020-04-26","tag-architektura","tag-deptak","tag-mpk-wroclaw","tag-panorama","tag-polska","tag-protram-205wras","tag-wroclaw"],"_links":{"self":[{"href":"https:\/\/wgphoto.pl\/t\/index.php?rest_route=\/wp\/v2\/posts\/4213","targetHints":{"allow":["GET"]}}],"collection":[{"href":"https:\/\/wgphoto.pl\/t\/index.php?rest_route=\/wp\/v2\/posts"}],"about":[{"href":"https:\/\/wgphoto.pl\/t\/index.php?rest_route=\/wp\/v2\/types\/post"}],"author":[{"embeddable":true,"href":"https:\/\/wgphoto.pl\/t\/index.php?rest_route=\/wp\/v2\/users\/1"}],"replies":[{"embeddable":true,"href":"https:\/\/wgphoto.pl\/t\/index.php?rest_route=%2Fwp%2Fv2%2Fcomments&post=4213"}],"version-history":[{"count":1,"href":"https:\/\/wgphoto.pl\/t\/index.php?rest_route=\/wp\/v2\/posts\/4213\/revisions"}],"predecessor-version":[{"id":4215,"href":"https:\/\/wgphoto.pl\/t\/index.php?rest_route=\/wp\/v2\/posts\/4213\/revisions\/4215"}],"wp:featuredmedia":[{"embeddable":true,"href":"https:\/\/wgphoto.pl\/t\/index.php?rest_route=\/wp\/v2\/media\/4214"}],"wp:attachment":[{"href":"https:\/\/wgphoto.pl\/t\/index.php?rest_route=%2Fwp%2Fv2%2Fmedia&parent=4213"}],"wp:term":[{"taxonomy":"category","embeddable":true,"href":"https:\/\/wgphoto.pl\/t\/index.php?rest_route=%2Fwp%2Fv2%2Fcategories&post=4213"},{"taxonomy":"post_tag","embeddable":true,"href":"https:\/\/wgphoto.pl\/t\/index.php?rest_route=%2Fwp%2Fv2%2Ftags&post=4213"}],"curies":[{"name":"wp","href":"https:\/\/api.w.org\/{rel}","templated":true}]}}