{"id":4225,"date":"2024-10-29T17:41:30","date_gmt":"2024-10-29T16:41:30","guid":{"rendered":"https:\/\/wgphoto.pl\/t\/?p=4225"},"modified":"2024-10-29T17:41:30","modified_gmt":"2024-10-29T16:41:30","slug":"skargi-2003","status":"publish","type":"post","link":"https:\/\/wgphoto.pl\/t\/?p=4225","title":{"rendered":"Skargi 2003"},"content":{"rendered":"\n<figure class=\"wp-block-image aligncenter size-full\"><img loading=\"lazy\" decoding=\"async\" width=\"1300\" height=\"862\" src=\"https:\/\/wgphoto.pl\/t\/wp-content\/uploads\/2024\/10\/0302-01A.jpg\" alt=\"\" class=\"wp-image-4226\" srcset=\"https:\/\/wgphoto.pl\/t\/wp-content\/uploads\/2024\/10\/0302-01A.jpg 1300w, https:\/\/wgphoto.pl\/t\/wp-content\/uploads\/2024\/10\/0302-01A-300x199.jpg 300w, https:\/\/wgphoto.pl\/t\/wp-content\/uploads\/2024\/10\/0302-01A-768x509.jpg 768w\" sizes=\"auto, (max-width: 1300px) 100vw, 1300px\" \/><\/figure>\n\n\n\n<div class=\"wp-block-group has-global-padding is-layout-constrained wp-block-group-is-layout-constrained\">\n<p>Wroc\u0142aw, ul. Piotra Skargi, 105Na 2328+2327. W tle trwa w\u0142a\u015bnie rozbi\u00f3rka Prasowych Zak\u0142ad\u00f3w Graficznych, cz\u0119\u015bciowo rozebranych ju\u017c wcze\u015bniej na potrzeby poszerzenia ulicy, wcze\u015bniej w miejscu tramwaju jad\u0105cego w tle znajdowa\u0142o si\u0119 bowiem charakterystyczne zw\u0119\u017cenie. 29.01.2003<\/p>\n<\/div>\n","protected":false},"excerpt":{"rendered":"<p>Wroc\u0142aw, ul. Piotra Skargi, 105Na 2328+2327. W tle trwa w\u0142a\u015bnie rozbi\u00f3rka Prasowych Zak\u0142ad\u00f3w Graficznych, cz\u0119\u015bciowo rozebranych ju\u017c wcze\u015bniej na potrzeby poszerzenia ulicy, wcze\u015bniej w miejscu tramwaju jad\u0105cego w tle znajdowa\u0142o si\u0119 bowiem charakterystyczne zw\u0119\u017cenie. 29.01.2003<\/p>\n","protected":false},"author":1,"featured_media":4226,"comment_status":"open","ping_status":"","sticky":false,"template":"","format":"standard","meta":{"footnotes":""},"categories":[62,149,3],"tags":[155,1769,745,42,27,1767,41],"class_list":["post-4225","post","type-post","status-publish","format-standard","has-post-thumbnail","hentry","category-analog","category-rok-2003","category-tramwaj","tag-105na","tag-2003-01-29","tag-budowa","tag-mpk-wroclaw","tag-polska","tag-porownania","tag-wroclaw"],"_links":{"self":[{"href":"https:\/\/wgphoto.pl\/t\/index.php?rest_route=\/wp\/v2\/posts\/4225","targetHints":{"allow":["GET"]}}],"collection":[{"href":"https:\/\/wgphoto.pl\/t\/index.php?rest_route=\/wp\/v2\/posts"}],"about":[{"href":"https:\/\/wgphoto.pl\/t\/index.php?rest_route=\/wp\/v2\/types\/post"}],"author":[{"embeddable":true,"href":"https:\/\/wgphoto.pl\/t\/index.php?rest_route=\/wp\/v2\/users\/1"}],"replies":[{"embeddable":true,"href":"https:\/\/wgphoto.pl\/t\/index.php?rest_route=%2Fwp%2Fv2%2Fcomments&post=4225"}],"version-history":[{"count":1,"href":"https:\/\/wgphoto.pl\/t\/index.php?rest_route=\/wp\/v2\/posts\/4225\/revisions"}],"predecessor-version":[{"id":4227,"href":"https:\/\/wgphoto.pl\/t\/index.php?rest_route=\/wp\/v2\/posts\/4225\/revisions\/4227"}],"wp:featuredmedia":[{"embeddable":true,"href":"https:\/\/wgphoto.pl\/t\/index.php?rest_route=\/wp\/v2\/media\/4226"}],"wp:attachment":[{"href":"https:\/\/wgphoto.pl\/t\/index.php?rest_route=%2Fwp%2Fv2%2Fmedia&parent=4225"}],"wp:term":[{"taxonomy":"category","embeddable":true,"href":"https:\/\/wgphoto.pl\/t\/index.php?rest_route=%2Fwp%2Fv2%2Fcategories&post=4225"},{"taxonomy":"post_tag","embeddable":true,"href":"https:\/\/wgphoto.pl\/t\/index.php?rest_route=%2Fwp%2Fv2%2Ftags&post=4225"}],"curies":[{"name":"wp","href":"https:\/\/api.w.org\/{rel}","templated":true}]}}