{"id":4231,"date":"2024-10-29T17:43:46","date_gmt":"2024-10-29T16:43:46","guid":{"rendered":"https:\/\/wgphoto.pl\/t\/?p=4231"},"modified":"2024-10-29T17:43:46","modified_gmt":"2024-10-29T16:43:46","slug":"kolejowa-pocztowka-ze-strzegomia","status":"publish","type":"post","link":"https:\/\/wgphoto.pl\/t\/?p=4231","title":{"rendered":"Kolejowa poczt\u00f3wka ze Strzegomia"},"content":{"rendered":"\n<figure class=\"wp-block-image aligncenter size-full\"><img loading=\"lazy\" decoding=\"async\" width=\"1300\" height=\"867\" src=\"https:\/\/wgphoto.pl\/t\/wp-content\/uploads\/2024\/10\/0523-08.jpg\" alt=\"\" class=\"wp-image-4232\" srcset=\"https:\/\/wgphoto.pl\/t\/wp-content\/uploads\/2024\/10\/0523-08.jpg 1300w, https:\/\/wgphoto.pl\/t\/wp-content\/uploads\/2024\/10\/0523-08-300x200.jpg 300w, https:\/\/wgphoto.pl\/t\/wp-content\/uploads\/2024\/10\/0523-08-768x512.jpg 768w\" sizes=\"auto, (max-width: 1300px) 100vw, 1300px\" \/><\/figure>\n\n\n\n<div class=\"wp-block-group has-global-padding is-layout-constrained wp-block-group-is-layout-constrained\">\n<p>ST43-317 z kamieniem z Grabiny \u015al\u0105skiej mija charakterystyczn\u0105 bry\u0142\u0119 Bazyliki Mniejszej w Strzegomiu. 22.08.2005<\/p>\n<\/div>\n","protected":false},"excerpt":{"rendered":"<p>ST43-317 z kamieniem z Grabiny \u015al\u0105skiej mija charakterystyczn\u0105 bry\u0142\u0119 Bazyliki Mniejszej w Strzegomiu. 22.08.2005<\/p>\n","protected":false},"author":1,"featured_media":4232,"comment_status":"open","ping_status":"","sticky":false,"template":"","format":"standard","meta":{"footnotes":""},"categories":[62,2,311],"tags":[367,34,24,63,27,64,433,432],"class_list":["post-4231","post","type-post","status-publish","format-standard","has-post-thumbnail","hentry","category-analog","category-kolej","category-rok-2005","tag-2005-08-22","tag-architektura","tag-perony","tag-pkp","tag-polska","tag-st43","tag-strzegom","tag-strzegom-miasto"],"_links":{"self":[{"href":"https:\/\/wgphoto.pl\/t\/index.php?rest_route=\/wp\/v2\/posts\/4231","targetHints":{"allow":["GET"]}}],"collection":[{"href":"https:\/\/wgphoto.pl\/t\/index.php?rest_route=\/wp\/v2\/posts"}],"about":[{"href":"https:\/\/wgphoto.pl\/t\/index.php?rest_route=\/wp\/v2\/types\/post"}],"author":[{"embeddable":true,"href":"https:\/\/wgphoto.pl\/t\/index.php?rest_route=\/wp\/v2\/users\/1"}],"replies":[{"embeddable":true,"href":"https:\/\/wgphoto.pl\/t\/index.php?rest_route=%2Fwp%2Fv2%2Fcomments&post=4231"}],"version-history":[{"count":1,"href":"https:\/\/wgphoto.pl\/t\/index.php?rest_route=\/wp\/v2\/posts\/4231\/revisions"}],"predecessor-version":[{"id":4233,"href":"https:\/\/wgphoto.pl\/t\/index.php?rest_route=\/wp\/v2\/posts\/4231\/revisions\/4233"}],"wp:featuredmedia":[{"embeddable":true,"href":"https:\/\/wgphoto.pl\/t\/index.php?rest_route=\/wp\/v2\/media\/4232"}],"wp:attachment":[{"href":"https:\/\/wgphoto.pl\/t\/index.php?rest_route=%2Fwp%2Fv2%2Fmedia&parent=4231"}],"wp:term":[{"taxonomy":"category","embeddable":true,"href":"https:\/\/wgphoto.pl\/t\/index.php?rest_route=%2Fwp%2Fv2%2Fcategories&post=4231"},{"taxonomy":"post_tag","embeddable":true,"href":"https:\/\/wgphoto.pl\/t\/index.php?rest_route=%2Fwp%2Fv2%2Ftags&post=4231"}],"curies":[{"name":"wp","href":"https:\/\/api.w.org\/{rel}","templated":true}]}}