{"id":4255,"date":"2024-10-29T17:52:06","date_gmt":"2024-10-29T16:52:06","guid":{"rendered":"https:\/\/wgphoto.pl\/t\/?p=4255"},"modified":"2024-10-29T17:52:06","modified_gmt":"2024-10-29T16:52:06","slug":"zmierzch-nad-usti","status":"publish","type":"post","link":"https:\/\/wgphoto.pl\/t\/?p=4255","title":{"rendered":"Zmierzch nad \u00dast\u00ed"},"content":{"rendered":"\n<figure class=\"wp-block-image aligncenter size-full\"><img loading=\"lazy\" decoding=\"async\" width=\"1200\" height=\"803\" src=\"https:\/\/wgphoto.pl\/t\/wp-content\/uploads\/2024\/10\/IMGP0395.jpg\" alt=\"\" class=\"wp-image-4256\" srcset=\"https:\/\/wgphoto.pl\/t\/wp-content\/uploads\/2024\/10\/IMGP0395.jpg 1200w, https:\/\/wgphoto.pl\/t\/wp-content\/uploads\/2024\/10\/IMGP0395-300x201.jpg 300w, https:\/\/wgphoto.pl\/t\/wp-content\/uploads\/2024\/10\/IMGP0395-768x514.jpg 768w\" sizes=\"auto, (max-width: 1200px) 100vw, 1200px\" \/><\/figure>\n\n\n\n<div class=\"wp-block-group has-global-padding is-layout-constrained wp-block-group-is-layout-constrained\">\n<p>150.224-4 z rychl\u00edkiem 767 &#8222;Emil Z\u00e1topek&#8221; relacji Vset\u00edn &#8211; Praha hl.n. w czasie kr\u00f3tkiego postoju w \u00dast\u00ed nad Orlic\u00ed. 25.10.2009<\/p>\n<\/div>\n","protected":false},"excerpt":{"rendered":"<p>150.224-4 z rychl\u00edkiem 767 &#8222;Emil Z\u00e1topek&#8221; relacji Vset\u00edn &#8211; Praha hl.n. w czasie kr\u00f3tkiego postoju w \u00dast\u00ed nad Orlic\u00ed. 25.10.2009<\/p>\n","protected":false},"author":1,"featured_media":4256,"comment_status":"open","ping_status":"","sticky":false,"template":"","format":"standard","meta":{"footnotes":""},"categories":[2,169],"tags":[657,1412,50,49,154,1375,87,90],"class_list":["post-4255","post","type-post","status-publish","format-standard","has-post-thumbnail","hentry","category-kolej","category-rok-2009","tag-657","tag-2009-10-25","tag-cd","tag-czechy","tag-noc","tag-tab-cz010","tag-usti-nad-orlici","tag-wieczorem"],"_links":{"self":[{"href":"https:\/\/wgphoto.pl\/t\/index.php?rest_route=\/wp\/v2\/posts\/4255","targetHints":{"allow":["GET"]}}],"collection":[{"href":"https:\/\/wgphoto.pl\/t\/index.php?rest_route=\/wp\/v2\/posts"}],"about":[{"href":"https:\/\/wgphoto.pl\/t\/index.php?rest_route=\/wp\/v2\/types\/post"}],"author":[{"embeddable":true,"href":"https:\/\/wgphoto.pl\/t\/index.php?rest_route=\/wp\/v2\/users\/1"}],"replies":[{"embeddable":true,"href":"https:\/\/wgphoto.pl\/t\/index.php?rest_route=%2Fwp%2Fv2%2Fcomments&post=4255"}],"version-history":[{"count":1,"href":"https:\/\/wgphoto.pl\/t\/index.php?rest_route=\/wp\/v2\/posts\/4255\/revisions"}],"predecessor-version":[{"id":4257,"href":"https:\/\/wgphoto.pl\/t\/index.php?rest_route=\/wp\/v2\/posts\/4255\/revisions\/4257"}],"wp:featuredmedia":[{"embeddable":true,"href":"https:\/\/wgphoto.pl\/t\/index.php?rest_route=\/wp\/v2\/media\/4256"}],"wp:attachment":[{"href":"https:\/\/wgphoto.pl\/t\/index.php?rest_route=%2Fwp%2Fv2%2Fmedia&parent=4255"}],"wp:term":[{"taxonomy":"category","embeddable":true,"href":"https:\/\/wgphoto.pl\/t\/index.php?rest_route=%2Fwp%2Fv2%2Fcategories&post=4255"},{"taxonomy":"post_tag","embeddable":true,"href":"https:\/\/wgphoto.pl\/t\/index.php?rest_route=%2Fwp%2Fv2%2Ftags&post=4255"}],"curies":[{"name":"wp","href":"https:\/\/api.w.org\/{rel}","templated":true}]}}