{"id":4273,"date":"2024-10-30T16:22:45","date_gmt":"2024-10-30T15:22:45","guid":{"rendered":"https:\/\/wgphoto.pl\/t\/?p=4273"},"modified":"2024-10-30T16:22:45","modified_gmt":"2024-10-30T15:22:45","slug":"szlifowanie-lukow","status":"publish","type":"post","link":"https:\/\/wgphoto.pl\/t\/?p=4273","title":{"rendered":"Szlifowanie \u0142uk\u00f3w"},"content":{"rendered":"\n<figure class=\"wp-block-image aligncenter size-full\"><img loading=\"lazy\" decoding=\"async\" width=\"1300\" height=\"867\" src=\"https:\/\/wgphoto.pl\/t\/wp-content\/uploads\/2024\/10\/0511-20.jpg\" alt=\"\" class=\"wp-image-4274\" srcset=\"https:\/\/wgphoto.pl\/t\/wp-content\/uploads\/2024\/10\/0511-20.jpg 1300w, https:\/\/wgphoto.pl\/t\/wp-content\/uploads\/2024\/10\/0511-20-300x200.jpg 300w, https:\/\/wgphoto.pl\/t\/wp-content\/uploads\/2024\/10\/0511-20-768x512.jpg 768w\" sizes=\"auto, (max-width: 1300px) 100vw, 1300px\" \/><\/figure>\n\n\n\n<div class=\"wp-block-group has-global-padding is-layout-constrained wp-block-group-is-layout-constrained\">\n<p>ET22-908 z poci\u0105giem osobowym 211 relacji Wroc\u0142aw G\u0142\u00f3wny &#8211; Jelenia G\u00f3ra na szlaku \u015awiebodzice &#8211; Wa\u0142brzych Szczawienko. Pi\u0119\u0107 tr\u00f3josiowych w\u00f3zk\u00f3w szlifuje \u0142uk o najmniejszym promieniu na ca\u0142ej trasie z Wroc\u0142awia do Jeleniej G\u00f3ry. 26.05.2005<\/p>\n<\/div>\n","protected":false},"excerpt":{"rendered":"<p>ET22-908 z poci\u0105giem osobowym 211 relacji Wroc\u0142aw G\u0142\u00f3wny &#8211; Jelenia G\u00f3ra na szlaku \u015awiebodzice &#8211; Wa\u0142brzych Szczawienko. Pi\u0119\u0107 tr\u00f3josiowych w\u00f3zk\u00f3w szlifuje \u0142uk o najmniejszym promieniu na ca\u0142ej trasie z Wroc\u0142awia do Jeleniej G\u00f3ry. 26.05.2005<\/p>\n","protected":false},"author":1,"featured_media":4274,"comment_status":"open","ping_status":"","sticky":false,"template":"","format":"standard","meta":{"footnotes":""},"categories":[62,2,311],"tags":[1106,288,26,63,27,1105,200,199],"class_list":["post-4273","post","type-post","status-publish","format-standard","has-post-thumbnail","hentry","category-analog","category-kolej","category-rok-2005","tag-2005-05-26","tag-bipa","tag-et22","tag-pkp","tag-polska","tag-swiebodzice","tag-tab-pl240","tag-walbrzych-szczawienko"],"_links":{"self":[{"href":"https:\/\/wgphoto.pl\/t\/index.php?rest_route=\/wp\/v2\/posts\/4273","targetHints":{"allow":["GET"]}}],"collection":[{"href":"https:\/\/wgphoto.pl\/t\/index.php?rest_route=\/wp\/v2\/posts"}],"about":[{"href":"https:\/\/wgphoto.pl\/t\/index.php?rest_route=\/wp\/v2\/types\/post"}],"author":[{"embeddable":true,"href":"https:\/\/wgphoto.pl\/t\/index.php?rest_route=\/wp\/v2\/users\/1"}],"replies":[{"embeddable":true,"href":"https:\/\/wgphoto.pl\/t\/index.php?rest_route=%2Fwp%2Fv2%2Fcomments&post=4273"}],"version-history":[{"count":1,"href":"https:\/\/wgphoto.pl\/t\/index.php?rest_route=\/wp\/v2\/posts\/4273\/revisions"}],"predecessor-version":[{"id":4275,"href":"https:\/\/wgphoto.pl\/t\/index.php?rest_route=\/wp\/v2\/posts\/4273\/revisions\/4275"}],"wp:featuredmedia":[{"embeddable":true,"href":"https:\/\/wgphoto.pl\/t\/index.php?rest_route=\/wp\/v2\/media\/4274"}],"wp:attachment":[{"href":"https:\/\/wgphoto.pl\/t\/index.php?rest_route=%2Fwp%2Fv2%2Fmedia&parent=4273"}],"wp:term":[{"taxonomy":"category","embeddable":true,"href":"https:\/\/wgphoto.pl\/t\/index.php?rest_route=%2Fwp%2Fv2%2Fcategories&post=4273"},{"taxonomy":"post_tag","embeddable":true,"href":"https:\/\/wgphoto.pl\/t\/index.php?rest_route=%2Fwp%2Fv2%2Ftags&post=4273"}],"curies":[{"name":"wp","href":"https:\/\/api.w.org\/{rel}","templated":true}]}}