{"id":4276,"date":"2024-10-30T16:23:51","date_gmt":"2024-10-30T15:23:51","guid":{"rendered":"https:\/\/wgphoto.pl\/t\/?p=4276"},"modified":"2024-10-30T16:23:51","modified_gmt":"2024-10-30T15:23:51","slug":"solaris-tramino-s110b-nr-1463","status":"publish","type":"post","link":"https:\/\/wgphoto.pl\/t\/?p=4276","title":{"rendered":"Solaris Tramino S110B nr 1463"},"content":{"rendered":"\n<figure class=\"wp-block-image aligncenter size-full\"><img loading=\"lazy\" decoding=\"async\" width=\"700\" height=\"1057\" src=\"https:\/\/wgphoto.pl\/t\/wp-content\/uploads\/2024\/10\/IMGP4825.jpg\" alt=\"\" class=\"wp-image-4277\" srcset=\"https:\/\/wgphoto.pl\/t\/wp-content\/uploads\/2024\/10\/IMGP4825.jpg 700w, https:\/\/wgphoto.pl\/t\/wp-content\/uploads\/2024\/10\/IMGP4825-199x300.jpg 199w\" sizes=\"auto, (max-width: 700px) 100vw, 700px\" \/><\/figure>\n\n\n\n<div class=\"wp-block-group has-global-padding is-layout-constrained wp-block-group-is-layout-constrained\">\n<p>Braunschweig, Friedrich-Wilhelm-Stra\u00dfe. Wrzuca\u0142em ju\u017c dwa uj\u0119cia z tego miejsca, ale ruch tramwajowy by\u0142 na tyle du\u017cy, a tabor r\u00f3\u017cnorodny, \u017ce w kr\u00f3tkim czasie powsta\u0142o kilka kadr\u00f3w wartych uwagi dla kolekcjoner\u00f3w pojazd\u00f3w. 02.05.2016<\/p>\n<\/div>\n","protected":false},"excerpt":{"rendered":"<p>Braunschweig, Friedrich-Wilhelm-Stra\u00dfe. Wrzuca\u0142em ju\u017c dwa uj\u0119cia z tego miejsca, ale ruch tramwajowy by\u0142 na tyle du\u017cy, a tabor r\u00f3\u017cnorodny, \u017ce w kr\u00f3tkim czasie powsta\u0142o kilka kadr\u00f3w wartych uwagi dla kolekcjoner\u00f3w pojazd\u00f3w. 02.05.2016<\/p>\n","protected":false},"author":1,"featured_media":4277,"comment_status":"open","ping_status":"","sticky":false,"template":"","format":"standard","meta":{"footnotes":""},"categories":[128,125,3],"tags":[637,34,636,634,239,635,23,237],"class_list":["post-4276","post","type-post","status-publish","format-standard","has-post-thumbnail","hentry","category-pionowe","category-rok-2016","category-tramwaj","tag-2016-05-02","tag-architektura","tag-braunschweig","tag-bsvag-braunschweig","tag-deptak","tag-majowka-2016","tag-niemcy","tag-solaris-tramino"],"_links":{"self":[{"href":"https:\/\/wgphoto.pl\/t\/index.php?rest_route=\/wp\/v2\/posts\/4276","targetHints":{"allow":["GET"]}}],"collection":[{"href":"https:\/\/wgphoto.pl\/t\/index.php?rest_route=\/wp\/v2\/posts"}],"about":[{"href":"https:\/\/wgphoto.pl\/t\/index.php?rest_route=\/wp\/v2\/types\/post"}],"author":[{"embeddable":true,"href":"https:\/\/wgphoto.pl\/t\/index.php?rest_route=\/wp\/v2\/users\/1"}],"replies":[{"embeddable":true,"href":"https:\/\/wgphoto.pl\/t\/index.php?rest_route=%2Fwp%2Fv2%2Fcomments&post=4276"}],"version-history":[{"count":1,"href":"https:\/\/wgphoto.pl\/t\/index.php?rest_route=\/wp\/v2\/posts\/4276\/revisions"}],"predecessor-version":[{"id":4278,"href":"https:\/\/wgphoto.pl\/t\/index.php?rest_route=\/wp\/v2\/posts\/4276\/revisions\/4278"}],"wp:featuredmedia":[{"embeddable":true,"href":"https:\/\/wgphoto.pl\/t\/index.php?rest_route=\/wp\/v2\/media\/4277"}],"wp:attachment":[{"href":"https:\/\/wgphoto.pl\/t\/index.php?rest_route=%2Fwp%2Fv2%2Fmedia&parent=4276"}],"wp:term":[{"taxonomy":"category","embeddable":true,"href":"https:\/\/wgphoto.pl\/t\/index.php?rest_route=%2Fwp%2Fv2%2Fcategories&post=4276"},{"taxonomy":"post_tag","embeddable":true,"href":"https:\/\/wgphoto.pl\/t\/index.php?rest_route=%2Fwp%2Fv2%2Ftags&post=4276"}],"curies":[{"name":"wp","href":"https:\/\/api.w.org\/{rel}","templated":true}]}}