{"id":4279,"date":"2024-10-30T16:25:01","date_gmt":"2024-10-30T15:25:01","guid":{"rendered":"https:\/\/wgphoto.pl\/t\/?p=4279"},"modified":"2024-10-30T16:25:01","modified_gmt":"2024-10-30T15:25:01","slug":"miejsc-siedzacych-wystarczy-dla-wszystkich","status":"publish","type":"post","link":"https:\/\/wgphoto.pl\/t\/?p=4279","title":{"rendered":"Miejsc siedz\u0105cych wystarczy dla wszystkich"},"content":{"rendered":"\n<figure class=\"wp-block-image aligncenter size-full\"><img loading=\"lazy\" decoding=\"async\" width=\"1300\" height=\"861\" src=\"https:\/\/wgphoto.pl\/t\/wp-content\/uploads\/2024\/10\/IMGP4744-1.jpg\" alt=\"\" class=\"wp-image-4281\" srcset=\"https:\/\/wgphoto.pl\/t\/wp-content\/uploads\/2024\/10\/IMGP4744-1.jpg 1300w, https:\/\/wgphoto.pl\/t\/wp-content\/uploads\/2024\/10\/IMGP4744-1-300x199.jpg 300w, https:\/\/wgphoto.pl\/t\/wp-content\/uploads\/2024\/10\/IMGP4744-1-768x509.jpg 768w\" sizes=\"auto, (max-width: 1300px) 100vw, 1300px\" \/><\/figure>\n\n\n\n<div class=\"wp-block-group has-global-padding is-layout-constrained wp-block-group-is-layout-constrained\">\n<p>Braunschweig, p\u0119tla St\u00f6ckheim. Wn\u0119trze doczepy z lat 70-tych, zapi\u0119tej do niskopod\u0142ogowca. Je\u015bli kto\u015b koniecznie chce usi\u0105\u015b\u0107, \u015bmia\u0142o mo\u017ce wsiada\u0107 do drugiego wagonu. 02.05.2016<\/p>\n<\/div>\n","protected":false},"excerpt":{"rendered":"<p>Braunschweig, p\u0119tla St\u00f6ckheim. Wn\u0119trze doczepy z lat 70-tych, zapi\u0119tej do niskopod\u0142ogowca. Je\u015bli kto\u015b koniecznie chce usi\u0105\u015b\u0107, \u015bmia\u0142o mo\u017ce wsiada\u0107 do drugiego wagonu. 02.05.2016<\/p>\n","protected":false},"author":1,"featured_media":4281,"comment_status":"open","ping_status":"","sticky":false,"template":"","format":"standard","meta":{"footnotes":""},"categories":[220,125,3],"tags":[637,1777,636,634,635,23,454],"class_list":["post-4279","post","type-post","status-publish","format-standard","has-post-thumbnail","hentry","category-blo","category-rok-2016","category-tramwaj","tag-2016-05-02","tag-b4","tag-braunschweig","tag-bsvag-braunschweig","tag-majowka-2016","tag-niemcy","tag-wnetrza-pojazdow"],"_links":{"self":[{"href":"https:\/\/wgphoto.pl\/t\/index.php?rest_route=\/wp\/v2\/posts\/4279","targetHints":{"allow":["GET"]}}],"collection":[{"href":"https:\/\/wgphoto.pl\/t\/index.php?rest_route=\/wp\/v2\/posts"}],"about":[{"href":"https:\/\/wgphoto.pl\/t\/index.php?rest_route=\/wp\/v2\/types\/post"}],"author":[{"embeddable":true,"href":"https:\/\/wgphoto.pl\/t\/index.php?rest_route=\/wp\/v2\/users\/1"}],"replies":[{"embeddable":true,"href":"https:\/\/wgphoto.pl\/t\/index.php?rest_route=%2Fwp%2Fv2%2Fcomments&post=4279"}],"version-history":[{"count":1,"href":"https:\/\/wgphoto.pl\/t\/index.php?rest_route=\/wp\/v2\/posts\/4279\/revisions"}],"predecessor-version":[{"id":4282,"href":"https:\/\/wgphoto.pl\/t\/index.php?rest_route=\/wp\/v2\/posts\/4279\/revisions\/4282"}],"wp:featuredmedia":[{"embeddable":true,"href":"https:\/\/wgphoto.pl\/t\/index.php?rest_route=\/wp\/v2\/media\/4281"}],"wp:attachment":[{"href":"https:\/\/wgphoto.pl\/t\/index.php?rest_route=%2Fwp%2Fv2%2Fmedia&parent=4279"}],"wp:term":[{"taxonomy":"category","embeddable":true,"href":"https:\/\/wgphoto.pl\/t\/index.php?rest_route=%2Fwp%2Fv2%2Fcategories&post=4279"},{"taxonomy":"post_tag","embeddable":true,"href":"https:\/\/wgphoto.pl\/t\/index.php?rest_route=%2Fwp%2Fv2%2Ftags&post=4279"}],"curies":[{"name":"wp","href":"https:\/\/api.w.org\/{rel}","templated":true}]}}