{"id":4307,"date":"2024-10-30T17:19:47","date_gmt":"2024-10-30T16:19:47","guid":{"rendered":"https:\/\/wgphoto.pl\/t\/?p=4307"},"modified":"2024-10-30T17:19:47","modified_gmt":"2024-10-30T16:19:47","slug":"102na-2067","status":"publish","type":"post","link":"https:\/\/wgphoto.pl\/t\/?p=4307","title":{"rendered":"102Na 2067"},"content":{"rendered":"\n<figure class=\"wp-block-image aligncenter size-full\"><img loading=\"lazy\" decoding=\"async\" width=\"1300\" height=\"867\" src=\"https:\/\/wgphoto.pl\/t\/wp-content\/uploads\/2024\/10\/0230-11.jpg\" alt=\"\" class=\"wp-image-4308\" srcset=\"https:\/\/wgphoto.pl\/t\/wp-content\/uploads\/2024\/10\/0230-11.jpg 1300w, https:\/\/wgphoto.pl\/t\/wp-content\/uploads\/2024\/10\/0230-11-300x200.jpg 300w, https:\/\/wgphoto.pl\/t\/wp-content\/uploads\/2024\/10\/0230-11-768x512.jpg 768w\" sizes=\"auto, (max-width: 1300px) 100vw, 1300px\" \/><\/figure>\n\n\n\n<div class=\"wp-block-group has-global-padding is-layout-constrained wp-block-group-is-layout-constrained\">\n<p>Wroc\u0142aw, p\u0119tla Po\u015bwi\u0119tne. Nocne 31 schowa\u0142o si\u0119 w najdalszym zak\u0105tku p\u0119tli, my\u015bl\u0105c \u017ce aparaty go tu nie dopadn\u0105. 22.12.2002<\/p>\n<\/div>\n","protected":false},"excerpt":{"rendered":"<p>Wroc\u0142aw, p\u0119tla Po\u015bwi\u0119tne. Nocne 31 schowa\u0142o si\u0119 w najdalszym zak\u0105tku p\u0119tli, my\u015bl\u0105c \u017ce aparaty go tu nie dopadn\u0105. 22.12.2002<\/p>\n","protected":false},"author":1,"featured_media":4308,"comment_status":"open","ping_status":"","sticky":false,"template":"","format":"standard","meta":{"footnotes":""},"categories":[62,577,3],"tags":[1642,309,42,162,27,41,846],"class_list":["post-4307","post","type-post","status-publish","format-standard","has-post-thumbnail","hentry","category-analog","category-rok-2002","category-tramwaj","tag-2002-12-22","tag-konstal-102na","tag-mpk-wroclaw","tag-niebo","tag-polska","tag-wroclaw","tag-wroclawskie-linie-nocne"],"_links":{"self":[{"href":"https:\/\/wgphoto.pl\/t\/index.php?rest_route=\/wp\/v2\/posts\/4307","targetHints":{"allow":["GET"]}}],"collection":[{"href":"https:\/\/wgphoto.pl\/t\/index.php?rest_route=\/wp\/v2\/posts"}],"about":[{"href":"https:\/\/wgphoto.pl\/t\/index.php?rest_route=\/wp\/v2\/types\/post"}],"author":[{"embeddable":true,"href":"https:\/\/wgphoto.pl\/t\/index.php?rest_route=\/wp\/v2\/users\/1"}],"replies":[{"embeddable":true,"href":"https:\/\/wgphoto.pl\/t\/index.php?rest_route=%2Fwp%2Fv2%2Fcomments&post=4307"}],"version-history":[{"count":1,"href":"https:\/\/wgphoto.pl\/t\/index.php?rest_route=\/wp\/v2\/posts\/4307\/revisions"}],"predecessor-version":[{"id":4309,"href":"https:\/\/wgphoto.pl\/t\/index.php?rest_route=\/wp\/v2\/posts\/4307\/revisions\/4309"}],"wp:featuredmedia":[{"embeddable":true,"href":"https:\/\/wgphoto.pl\/t\/index.php?rest_route=\/wp\/v2\/media\/4308"}],"wp:attachment":[{"href":"https:\/\/wgphoto.pl\/t\/index.php?rest_route=%2Fwp%2Fv2%2Fmedia&parent=4307"}],"wp:term":[{"taxonomy":"category","embeddable":true,"href":"https:\/\/wgphoto.pl\/t\/index.php?rest_route=%2Fwp%2Fv2%2Fcategories&post=4307"},{"taxonomy":"post_tag","embeddable":true,"href":"https:\/\/wgphoto.pl\/t\/index.php?rest_route=%2Fwp%2Fv2%2Ftags&post=4307"}],"curies":[{"name":"wp","href":"https:\/\/api.w.org\/{rel}","templated":true}]}}