{"id":4310,"date":"2024-10-30T17:20:46","date_gmt":"2024-10-30T16:20:46","guid":{"rendered":"https:\/\/wgphoto.pl\/t\/?p=4310"},"modified":"2024-10-30T17:20:46","modified_gmt":"2024-10-30T16:20:46","slug":"klasycznie-czy","status":"publish","type":"post","link":"https:\/\/wgphoto.pl\/t\/?p=4310","title":{"rendered":"Klasycznie, czy\u2026"},"content":{"rendered":"\n<figure class=\"wp-block-image aligncenter size-full\"><img loading=\"lazy\" decoding=\"async\" width=\"1300\" height=\"861\" src=\"https:\/\/wgphoto.pl\/t\/wp-content\/uploads\/2024\/10\/IMGP4642.jpg\" alt=\"\" class=\"wp-image-4311\" srcset=\"https:\/\/wgphoto.pl\/t\/wp-content\/uploads\/2024\/10\/IMGP4642.jpg 1300w, https:\/\/wgphoto.pl\/t\/wp-content\/uploads\/2024\/10\/IMGP4642-300x199.jpg 300w, https:\/\/wgphoto.pl\/t\/wp-content\/uploads\/2024\/10\/IMGP4642-768x509.jpg 768w\" sizes=\"auto, (max-width: 1300px) 100vw, 1300px\" \/><\/figure>\n\n\n\n<div class=\"wp-block-group has-global-padding is-layout-constrained wp-block-group-is-layout-constrained\">\n<p>Klasyczne uj\u0119cie wn\u0119trza zuba\u010dky. Z zewn\u0105trz jako\u015b nie zauwa\u017cy\u0142em szwajcarskich korzeni tych pojazd\u00f3w, ale wn\u0119trze z bardzo charakterystycznymi siedzeniami oraz innymi detalami wysokiej jako\u015bci naprowadzi\u0142o mnie na w\u0142a\u015bciwy trop. 15.08.2019<\/p>\n<\/div>\n","protected":false},"excerpt":{"rendered":"<p>Klasyczne uj\u0119cie wn\u0119trza zuba\u010dky. Z zewn\u0105trz jako\u015b nie zauwa\u017cy\u0142em szwajcarskich korzeni tych pojazd\u00f3w, ale wn\u0119trze z bardzo charakterystycznymi siedzeniami oraz innymi detalami wysokiej jako\u015bci naprowadzi\u0142o mnie na w\u0142a\u015bciwy trop. 15.08.2019<\/p>\n","protected":false},"author":1,"featured_media":4311,"comment_status":"open","ping_status":"","sticky":false,"template":"","format":"standard","meta":{"footnotes":""},"categories":[220,2,136],"tags":[1163,1257,1258,1168,675,223,454,1255,469],"class_list":["post-4310","post","type-post","status-publish","format-standard","has-post-thumbnail","hentry","category-blo","category-kolej","category-rok-2019","tag-2019-08-15","tag-1257","tag-oz","tag-sierpniowka-2019","tag-slowacja","tag-symetria","tag-wnetrza-pojazdow","tag-zebatka","tag-zssk"],"_links":{"self":[{"href":"https:\/\/wgphoto.pl\/t\/index.php?rest_route=\/wp\/v2\/posts\/4310","targetHints":{"allow":["GET"]}}],"collection":[{"href":"https:\/\/wgphoto.pl\/t\/index.php?rest_route=\/wp\/v2\/posts"}],"about":[{"href":"https:\/\/wgphoto.pl\/t\/index.php?rest_route=\/wp\/v2\/types\/post"}],"author":[{"embeddable":true,"href":"https:\/\/wgphoto.pl\/t\/index.php?rest_route=\/wp\/v2\/users\/1"}],"replies":[{"embeddable":true,"href":"https:\/\/wgphoto.pl\/t\/index.php?rest_route=%2Fwp%2Fv2%2Fcomments&post=4310"}],"version-history":[{"count":1,"href":"https:\/\/wgphoto.pl\/t\/index.php?rest_route=\/wp\/v2\/posts\/4310\/revisions"}],"predecessor-version":[{"id":4312,"href":"https:\/\/wgphoto.pl\/t\/index.php?rest_route=\/wp\/v2\/posts\/4310\/revisions\/4312"}],"wp:featuredmedia":[{"embeddable":true,"href":"https:\/\/wgphoto.pl\/t\/index.php?rest_route=\/wp\/v2\/media\/4311"}],"wp:attachment":[{"href":"https:\/\/wgphoto.pl\/t\/index.php?rest_route=%2Fwp%2Fv2%2Fmedia&parent=4310"}],"wp:term":[{"taxonomy":"category","embeddable":true,"href":"https:\/\/wgphoto.pl\/t\/index.php?rest_route=%2Fwp%2Fv2%2Fcategories&post=4310"},{"taxonomy":"post_tag","embeddable":true,"href":"https:\/\/wgphoto.pl\/t\/index.php?rest_route=%2Fwp%2Fv2%2Ftags&post=4310"}],"curies":[{"name":"wp","href":"https:\/\/api.w.org\/{rel}","templated":true}]}}