{"id":4326,"date":"2024-10-30T17:25:53","date_gmt":"2024-10-30T16:25:53","guid":{"rendered":"https:\/\/wgphoto.pl\/t\/?p=4326"},"modified":"2024-10-30T17:25:53","modified_gmt":"2024-10-30T16:25:53","slug":"zacisze","status":"publish","type":"post","link":"https:\/\/wgphoto.pl\/t\/?p=4326","title":{"rendered":"Zacisze"},"content":{"rendered":"\n<figure class=\"wp-block-image aligncenter size-full\"><img loading=\"lazy\" decoding=\"async\" width=\"1300\" height=\"861\" src=\"https:\/\/wgphoto.pl\/t\/wp-content\/uploads\/2024\/10\/IMGP4047.jpg\" alt=\"\" class=\"wp-image-4327\" srcset=\"https:\/\/wgphoto.pl\/t\/wp-content\/uploads\/2024\/10\/IMGP4047.jpg 1300w, https:\/\/wgphoto.pl\/t\/wp-content\/uploads\/2024\/10\/IMGP4047-300x199.jpg 300w, https:\/\/wgphoto.pl\/t\/wp-content\/uploads\/2024\/10\/IMGP4047-768x509.jpg 768w\" sizes=\"auto, (max-width: 1300px) 100vw, 1300px\" \/><\/figure>\n\n\n\n<div class=\"wp-block-group has-global-padding is-layout-constrained wp-block-group-is-layout-constrained\">\n<p>Z\u00e1ti\u0161\u00ed. Brzydki tramwaj w kiepskim malowaniu (stary schemat by\u0142 imho o wiele lepszy) zbli\u017ca si\u0119 do ko\u0144ca jedynej podmiejskiej trasy ostrawskiej sieci tramwajowej. Warunki by\u0142y nieco ekstremalne &#8211; w\u0142a\u015bnie ko\u0144czy si\u0119 obfita, letnia ulewa. 22.06.2019<\/p>\n<\/div>\n","protected":false},"excerpt":{"rendered":"<p>Z\u00e1ti\u0161\u00ed. Brzydki tramwaj w kiepskim malowaniu (stary schemat by\u0142 imho o wiele lepszy) zbli\u017ca si\u0119 do ko\u0144ca jedynej podmiejskiej trasy ostrawskiej sieci tramwajowej. Warunki by\u0142y nieco ekstremalne &#8211; w\u0142a\u015bnie ko\u0144czy si\u0119 obfita, letnia ulewa. 22.06.2019<\/p>\n","protected":false},"author":1,"featured_media":4327,"comment_status":"open","ping_status":"","sticky":false,"template":"","format":"standard","meta":{"footnotes":""},"categories":[136,3],"tags":[1074,49,13,899,897,561,1243,1782],"class_list":["post-4326","post","type-post","status-publish","format-standard","has-post-thumbnail","hentry","category-rok-2019","category-tramwaj","tag-2019-06-22","tag-czechy","tag-deszcz","tag-dp-ostrava","tag-ostrawa","tag-tramwaj-podmiejski","tag-vario-lf","tag-zatisi"],"_links":{"self":[{"href":"https:\/\/wgphoto.pl\/t\/index.php?rest_route=\/wp\/v2\/posts\/4326","targetHints":{"allow":["GET"]}}],"collection":[{"href":"https:\/\/wgphoto.pl\/t\/index.php?rest_route=\/wp\/v2\/posts"}],"about":[{"href":"https:\/\/wgphoto.pl\/t\/index.php?rest_route=\/wp\/v2\/types\/post"}],"author":[{"embeddable":true,"href":"https:\/\/wgphoto.pl\/t\/index.php?rest_route=\/wp\/v2\/users\/1"}],"replies":[{"embeddable":true,"href":"https:\/\/wgphoto.pl\/t\/index.php?rest_route=%2Fwp%2Fv2%2Fcomments&post=4326"}],"version-history":[{"count":1,"href":"https:\/\/wgphoto.pl\/t\/index.php?rest_route=\/wp\/v2\/posts\/4326\/revisions"}],"predecessor-version":[{"id":4328,"href":"https:\/\/wgphoto.pl\/t\/index.php?rest_route=\/wp\/v2\/posts\/4326\/revisions\/4328"}],"wp:featuredmedia":[{"embeddable":true,"href":"https:\/\/wgphoto.pl\/t\/index.php?rest_route=\/wp\/v2\/media\/4327"}],"wp:attachment":[{"href":"https:\/\/wgphoto.pl\/t\/index.php?rest_route=%2Fwp%2Fv2%2Fmedia&parent=4326"}],"wp:term":[{"taxonomy":"category","embeddable":true,"href":"https:\/\/wgphoto.pl\/t\/index.php?rest_route=%2Fwp%2Fv2%2Fcategories&post=4326"},{"taxonomy":"post_tag","embeddable":true,"href":"https:\/\/wgphoto.pl\/t\/index.php?rest_route=%2Fwp%2Fv2%2Ftags&post=4326"}],"curies":[{"name":"wp","href":"https:\/\/api.w.org\/{rel}","templated":true}]}}