{"id":4335,"date":"2024-10-30T17:29:06","date_gmt":"2024-10-30T16:29:06","guid":{"rendered":"https:\/\/wgphoto.pl\/t\/?p=4335"},"modified":"2024-11-05T23:13:52","modified_gmt":"2024-11-05T22:13:52","slug":"kiepski-kadr-spod-dworca","status":"publish","type":"post","link":"https:\/\/wgphoto.pl\/t\/?p=4335","title":{"rendered":"Kiepski kadr spod dworca"},"content":{"rendered":"\n<figure class=\"wp-block-image aligncenter size-full\"><img loading=\"lazy\" decoding=\"async\" width=\"1300\" height=\"870\" src=\"https:\/\/wgphoto.pl\/t\/wp-content\/uploads\/2024\/10\/IMGP3869.jpg\" alt=\"\" class=\"wp-image-4336\" srcset=\"https:\/\/wgphoto.pl\/t\/wp-content\/uploads\/2024\/10\/IMGP3869.jpg 1300w, https:\/\/wgphoto.pl\/t\/wp-content\/uploads\/2024\/10\/IMGP3869-300x201.jpg 300w, https:\/\/wgphoto.pl\/t\/wp-content\/uploads\/2024\/10\/IMGP3869-768x514.jpg 768w\" sizes=\"auto, (max-width: 1300px) 100vw, 1300px\" \/><\/figure>\n\n\n\n<div class=\"wp-block-group has-global-padding is-layout-constrained wp-block-group-is-layout-constrained\">\n<p>Wieczorna krz\u0105tanina przed dworcem Balti jaam w Tallinnie. Tylko taki nieporz\u0105dny kadr uda\u0142o mi si\u0119 wycisn\u0105\u0107 z tego miejsca. Po lewej widoczny jest fragment budynku dworca, mo\u017cna si\u0119 te\u017c dopatrze\u0107 kawa\u0142ka poci\u0105gu, a z prawej nadje\u017cd\u017ca ex-chociebuska Tatra KT4D #136. 28.05.2013<\/p>\n<\/div>\n","protected":false},"excerpt":{"rendered":"<p>Wieczorna krz\u0105tanina przed dworcem Balti jaam w Tallinnie. Tylko taki nieporz\u0105dny kadr uda\u0142o mi si\u0119 wycisn\u0105\u0107 z tego miejsca. Po lewej widoczny jest fragment budynku dworca, mo\u017cna si\u0119 te\u017c dopatrze\u0107 kawa\u0142ka poci\u0105gu, a z prawej nadje\u017cd\u017ca ex-chociebuska Tatra KT4D #136. 28.05.2013<\/p>\n","protected":false},"author":1,"featured_media":4336,"comment_status":"open","ping_status":"","sticky":false,"template":"","format":"standard","meta":{"footnotes":""},"categories":[55,3],"tags":[1134,612,1131,151,380,1132,33,1133,90],"class_list":["post-4335","post","type-post","status-publish","format-standard","has-post-thumbnail","hentry","category-rok-2013","category-tramwaj","tag-2013-05-28","tag-druga-majowka-2013","tag-estonia","tag-ludzie","tag-spod-dworca","tag-tallinn","tag-tatra-kt4","tag-tlt-tallinn","tag-wieczorem"],"_links":{"self":[{"href":"https:\/\/wgphoto.pl\/t\/index.php?rest_route=\/wp\/v2\/posts\/4335","targetHints":{"allow":["GET"]}}],"collection":[{"href":"https:\/\/wgphoto.pl\/t\/index.php?rest_route=\/wp\/v2\/posts"}],"about":[{"href":"https:\/\/wgphoto.pl\/t\/index.php?rest_route=\/wp\/v2\/types\/post"}],"author":[{"embeddable":true,"href":"https:\/\/wgphoto.pl\/t\/index.php?rest_route=\/wp\/v2\/users\/1"}],"replies":[{"embeddable":true,"href":"https:\/\/wgphoto.pl\/t\/index.php?rest_route=%2Fwp%2Fv2%2Fcomments&post=4335"}],"version-history":[{"count":1,"href":"https:\/\/wgphoto.pl\/t\/index.php?rest_route=\/wp\/v2\/posts\/4335\/revisions"}],"predecessor-version":[{"id":4337,"href":"https:\/\/wgphoto.pl\/t\/index.php?rest_route=\/wp\/v2\/posts\/4335\/revisions\/4337"}],"wp:featuredmedia":[{"embeddable":true,"href":"https:\/\/wgphoto.pl\/t\/index.php?rest_route=\/wp\/v2\/media\/4336"}],"wp:attachment":[{"href":"https:\/\/wgphoto.pl\/t\/index.php?rest_route=%2Fwp%2Fv2%2Fmedia&parent=4335"}],"wp:term":[{"taxonomy":"category","embeddable":true,"href":"https:\/\/wgphoto.pl\/t\/index.php?rest_route=%2Fwp%2Fv2%2Fcategories&post=4335"},{"taxonomy":"post_tag","embeddable":true,"href":"https:\/\/wgphoto.pl\/t\/index.php?rest_route=%2Fwp%2Fv2%2Ftags&post=4335"}],"curies":[{"name":"wp","href":"https:\/\/api.w.org\/{rel}","templated":true}]}}