{"id":4338,"date":"2024-10-30T17:30:05","date_gmt":"2024-10-30T16:30:05","guid":{"rendered":"https:\/\/wgphoto.pl\/t\/?p=4338"},"modified":"2024-10-30T17:30:05","modified_gmt":"2024-10-30T16:30:05","slug":"rondel-stacyjny","status":"publish","type":"post","link":"https:\/\/wgphoto.pl\/t\/?p=4338","title":{"rendered":"Rondel stacyjny"},"content":{"rendered":"\n<figure class=\"wp-block-image aligncenter size-full\"><img loading=\"lazy\" decoding=\"async\" width=\"1300\" height=\"870\" src=\"https:\/\/wgphoto.pl\/t\/wp-content\/uploads\/2024\/10\/IMGP5418.jpg\" alt=\"\" class=\"wp-image-4339\" srcset=\"https:\/\/wgphoto.pl\/t\/wp-content\/uploads\/2024\/10\/IMGP5418.jpg 1300w, https:\/\/wgphoto.pl\/t\/wp-content\/uploads\/2024\/10\/IMGP5418-300x201.jpg 300w, https:\/\/wgphoto.pl\/t\/wp-content\/uploads\/2024\/10\/IMGP5418-768x514.jpg 768w\" sizes=\"auto, (max-width: 1300px) 100vw, 1300px\" \/><\/figure>\n\n\n\n<div class=\"wp-block-group has-global-padding is-layout-constrained wp-block-group-is-layout-constrained\">\n<p>Norrk\u00f6ping, Stationsrondellen. Wagon M67 #88 mija dworzec kolejowy o zupe\u0142nie &#8222;europejskiej&#8221; architekturze, sam za\u015b ewidentnie nosi skandynawskie nalecia\u0142o\u015bci. 06.12.2011<\/p>\n<\/div>\n","protected":false},"excerpt":{"rendered":"<p>Norrk\u00f6ping, Stationsrondellen. Wagon M67 #88 mija dworzec kolejowy o zupe\u0142nie &#8222;europejskiej&#8221; architekturze, sam za\u015b ewidentnie nosi skandynawskie nalecia\u0142o\u015bci. 06.12.2011<\/p>\n","protected":false},"author":1,"featured_media":4339,"comment_status":"open","ping_status":"","sticky":false,"template":"","format":"standard","meta":{"footnotes":""},"categories":[77,3],"tags":[1786,34,494,1785,1783,1784,380,1491,685],"class_list":["post-4338","post","type-post","status-publish","format-standard","has-post-thumbnail","hentry","category-rok-2011","category-tramwaj","tag-2011-12-06","tag-architektura","tag-flaga","tag-m67","tag-norrkoping","tag-ns-norrkoping","tag-spod-dworca","tag-swiateczne-akcenty","tag-szwecja"],"_links":{"self":[{"href":"https:\/\/wgphoto.pl\/t\/index.php?rest_route=\/wp\/v2\/posts\/4338","targetHints":{"allow":["GET"]}}],"collection":[{"href":"https:\/\/wgphoto.pl\/t\/index.php?rest_route=\/wp\/v2\/posts"}],"about":[{"href":"https:\/\/wgphoto.pl\/t\/index.php?rest_route=\/wp\/v2\/types\/post"}],"author":[{"embeddable":true,"href":"https:\/\/wgphoto.pl\/t\/index.php?rest_route=\/wp\/v2\/users\/1"}],"replies":[{"embeddable":true,"href":"https:\/\/wgphoto.pl\/t\/index.php?rest_route=%2Fwp%2Fv2%2Fcomments&post=4338"}],"version-history":[{"count":1,"href":"https:\/\/wgphoto.pl\/t\/index.php?rest_route=\/wp\/v2\/posts\/4338\/revisions"}],"predecessor-version":[{"id":4340,"href":"https:\/\/wgphoto.pl\/t\/index.php?rest_route=\/wp\/v2\/posts\/4338\/revisions\/4340"}],"wp:featuredmedia":[{"embeddable":true,"href":"https:\/\/wgphoto.pl\/t\/index.php?rest_route=\/wp\/v2\/media\/4339"}],"wp:attachment":[{"href":"https:\/\/wgphoto.pl\/t\/index.php?rest_route=%2Fwp%2Fv2%2Fmedia&parent=4338"}],"wp:term":[{"taxonomy":"category","embeddable":true,"href":"https:\/\/wgphoto.pl\/t\/index.php?rest_route=%2Fwp%2Fv2%2Fcategories&post=4338"},{"taxonomy":"post_tag","embeddable":true,"href":"https:\/\/wgphoto.pl\/t\/index.php?rest_route=%2Fwp%2Fv2%2Ftags&post=4338"}],"curies":[{"name":"wp","href":"https:\/\/api.w.org\/{rel}","templated":true}]}}