{"id":4350,"date":"2024-10-30T17:34:32","date_gmt":"2024-10-30T16:34:32","guid":{"rendered":"https:\/\/wgphoto.pl\/t\/?p=4350"},"modified":"2024-10-30T17:34:32","modified_gmt":"2024-10-30T16:34:32","slug":"nad-bzura","status":"publish","type":"post","link":"https:\/\/wgphoto.pl\/t\/?p=4350","title":{"rendered":"Nad Bzur\u0105"},"content":{"rendered":"\n<figure class=\"wp-block-image aligncenter size-full\"><img loading=\"lazy\" decoding=\"async\" width=\"1300\" height=\"870\" src=\"https:\/\/wgphoto.pl\/t\/wp-content\/uploads\/2024\/10\/IMGP9424.jpg\" alt=\"\" class=\"wp-image-4351\" srcset=\"https:\/\/wgphoto.pl\/t\/wp-content\/uploads\/2024\/10\/IMGP9424.jpg 1300w, https:\/\/wgphoto.pl\/t\/wp-content\/uploads\/2024\/10\/IMGP9424-300x201.jpg 300w, https:\/\/wgphoto.pl\/t\/wp-content\/uploads\/2024\/10\/IMGP9424-768x514.jpg 768w\" sizes=\"auto, (max-width: 1300px) 100vw, 1300px\" \/><\/figure>\n\n\n\n<div class=\"wp-block-group has-global-padding is-layout-constrained wp-block-group-is-layout-constrained\">\n<p>GT8 Typ Freiburg #203 (wyd\u0142u\u017cony \u015brodkowy cz\u0142on, co daje \u0142\u0105czn\u0105 d\u0142ugo\u015b\u0107 wagonu a\u017c 33 m) przeje\u017cd\u017ca nad Bzur\u0105 w Ozorkowie. 18.02.2011<\/p>\n<\/div>\n","protected":false},"excerpt":{"rendered":"<p>GT8 Typ Freiburg #203 (wyd\u0142u\u017cony \u015brodkowy cz\u0142on, co daje \u0142\u0105czn\u0105 d\u0142ugo\u015b\u0107 wagonu a\u017c 33 m) przeje\u017cd\u017ca nad Bzur\u0105 w Ozorkowie. 18.02.2011<\/p>\n","protected":false},"author":1,"featured_media":4351,"comment_status":"open","ping_status":"","sticky":false,"template":"","format":"standard","meta":{"footnotes":""},"categories":[77,3],"tags":[866,238,771,1417,45,1789,27,44,561],"class_list":["post-4350","post","type-post","status-publish","format-standard","has-post-thumbnail","hentry","category-rok-2011","category-tramwaj","tag-2011-02-18","tag-gt8","tag-lodz-linie-podmiejskie","tag-mkt-lodz","tag-most","tag-ozorkow","tag-polska","tag-snieg","tag-tramwaj-podmiejski"],"_links":{"self":[{"href":"https:\/\/wgphoto.pl\/t\/index.php?rest_route=\/wp\/v2\/posts\/4350","targetHints":{"allow":["GET"]}}],"collection":[{"href":"https:\/\/wgphoto.pl\/t\/index.php?rest_route=\/wp\/v2\/posts"}],"about":[{"href":"https:\/\/wgphoto.pl\/t\/index.php?rest_route=\/wp\/v2\/types\/post"}],"author":[{"embeddable":true,"href":"https:\/\/wgphoto.pl\/t\/index.php?rest_route=\/wp\/v2\/users\/1"}],"replies":[{"embeddable":true,"href":"https:\/\/wgphoto.pl\/t\/index.php?rest_route=%2Fwp%2Fv2%2Fcomments&post=4350"}],"version-history":[{"count":1,"href":"https:\/\/wgphoto.pl\/t\/index.php?rest_route=\/wp\/v2\/posts\/4350\/revisions"}],"predecessor-version":[{"id":4352,"href":"https:\/\/wgphoto.pl\/t\/index.php?rest_route=\/wp\/v2\/posts\/4350\/revisions\/4352"}],"wp:featuredmedia":[{"embeddable":true,"href":"https:\/\/wgphoto.pl\/t\/index.php?rest_route=\/wp\/v2\/media\/4351"}],"wp:attachment":[{"href":"https:\/\/wgphoto.pl\/t\/index.php?rest_route=%2Fwp%2Fv2%2Fmedia&parent=4350"}],"wp:term":[{"taxonomy":"category","embeddable":true,"href":"https:\/\/wgphoto.pl\/t\/index.php?rest_route=%2Fwp%2Fv2%2Fcategories&post=4350"},{"taxonomy":"post_tag","embeddable":true,"href":"https:\/\/wgphoto.pl\/t\/index.php?rest_route=%2Fwp%2Fv2%2Ftags&post=4350"}],"curies":[{"name":"wp","href":"https:\/\/api.w.org\/{rel}","templated":true}]}}