{"id":4362,"date":"2024-10-30T17:38:52","date_gmt":"2024-10-30T16:38:52","guid":{"rendered":"https:\/\/wgphoto.pl\/t\/?p=4362"},"modified":"2024-10-30T17:38:52","modified_gmt":"2024-10-30T16:38:52","slug":"nie-umarlem","status":"publish","type":"post","link":"https:\/\/wgphoto.pl\/t\/?p=4362","title":{"rendered":"Nie umar\u0142em"},"content":{"rendered":"\n<figure class=\"wp-block-image aligncenter size-full\"><img loading=\"lazy\" decoding=\"async\" width=\"1300\" height=\"867\" src=\"https:\/\/wgphoto.pl\/t\/wp-content\/uploads\/2024\/10\/0811-03.jpg\" alt=\"\" class=\"wp-image-4363\" srcset=\"https:\/\/wgphoto.pl\/t\/wp-content\/uploads\/2024\/10\/0811-03.jpg 1300w, https:\/\/wgphoto.pl\/t\/wp-content\/uploads\/2024\/10\/0811-03-300x200.jpg 300w, https:\/\/wgphoto.pl\/t\/wp-content\/uploads\/2024\/10\/0811-03-768x512.jpg 768w\" sizes=\"auto, (max-width: 1300px) 100vw, 1300px\" \/><\/figure>\n\n\n\n<div class=\"wp-block-group has-global-padding is-layout-constrained wp-block-group-is-layout-constrained\">\n<p>Wroc\u0142aw, p\u0119tla Klecina. 105NWr 2260+2261 na najnudniejszej linii na \u015bwiecie &#8211; z Kleciny na Opor\u00f3w przez Hallera, kt\u00f3r\u0105 nikt nie je\u017adzi\u0142. A poniewa\u017c nie lubi\u0119 je\u017adzi\u0107 na pusto, nie umar\u0142em z nud\u00f3w chyba tylko dzi\u0119ki wieczornemu \u015bwiat\u0142u, jakiego bym si\u0119 nie spodziewa\u0142. 17.08.2008<\/p>\n<\/div>\n","protected":false},"excerpt":{"rendered":"<p>Wroc\u0142aw, p\u0119tla Klecina. 105NWr 2260+2261 na najnudniejszej linii na \u015bwiecie &#8211; z Kleciny na Opor\u00f3w przez Hallera, kt\u00f3r\u0105 nikt nie je\u017adzi\u0142. A poniewa\u017c nie lubi\u0119 je\u017adzi\u0107 na pusto, nie umar\u0142em z nud\u00f3w chyba tylko dzi\u0119ki wieczornemu \u015bwiat\u0142u, jakiego bym si\u0119 nie spodziewa\u0142. 17.08.2008<\/p>\n","protected":false},"author":1,"featured_media":4363,"comment_status":"open","ping_status":"","sticky":false,"template":"","format":"standard","meta":{"footnotes":""},"categories":[62,120,3],"tags":[43,1792,42,162,27,438,439,90,41],"class_list":["post-4362","post","type-post","status-publish","format-standard","has-post-thumbnail","hentry","category-analog","category-rok-2008","category-tramwaj","tag-105nwr","tag-2008-08-17","tag-mpk-wroclaw","tag-niebo","tag-polska","tag-portret-z-petli","tag-we-fabryce","tag-wieczorem","tag-wroclaw"],"_links":{"self":[{"href":"https:\/\/wgphoto.pl\/t\/index.php?rest_route=\/wp\/v2\/posts\/4362","targetHints":{"allow":["GET"]}}],"collection":[{"href":"https:\/\/wgphoto.pl\/t\/index.php?rest_route=\/wp\/v2\/posts"}],"about":[{"href":"https:\/\/wgphoto.pl\/t\/index.php?rest_route=\/wp\/v2\/types\/post"}],"author":[{"embeddable":true,"href":"https:\/\/wgphoto.pl\/t\/index.php?rest_route=\/wp\/v2\/users\/1"}],"replies":[{"embeddable":true,"href":"https:\/\/wgphoto.pl\/t\/index.php?rest_route=%2Fwp%2Fv2%2Fcomments&post=4362"}],"version-history":[{"count":1,"href":"https:\/\/wgphoto.pl\/t\/index.php?rest_route=\/wp\/v2\/posts\/4362\/revisions"}],"predecessor-version":[{"id":4364,"href":"https:\/\/wgphoto.pl\/t\/index.php?rest_route=\/wp\/v2\/posts\/4362\/revisions\/4364"}],"wp:featuredmedia":[{"embeddable":true,"href":"https:\/\/wgphoto.pl\/t\/index.php?rest_route=\/wp\/v2\/media\/4363"}],"wp:attachment":[{"href":"https:\/\/wgphoto.pl\/t\/index.php?rest_route=%2Fwp%2Fv2%2Fmedia&parent=4362"}],"wp:term":[{"taxonomy":"category","embeddable":true,"href":"https:\/\/wgphoto.pl\/t\/index.php?rest_route=%2Fwp%2Fv2%2Fcategories&post=4362"},{"taxonomy":"post_tag","embeddable":true,"href":"https:\/\/wgphoto.pl\/t\/index.php?rest_route=%2Fwp%2Fv2%2Ftags&post=4362"}],"curies":[{"name":"wp","href":"https:\/\/api.w.org\/{rel}","templated":true}]}}