{"id":4365,"date":"2024-10-30T17:39:52","date_gmt":"2024-10-30T16:39:52","guid":{"rendered":"https:\/\/wgphoto.pl\/t\/?p=4365"},"modified":"2024-10-30T17:39:52","modified_gmt":"2024-10-30T16:39:52","slug":"widze-ciemnosc","status":"publish","type":"post","link":"https:\/\/wgphoto.pl\/t\/?p=4365","title":{"rendered":"Widz\u0119 ciemno\u015b\u0107"},"content":{"rendered":"\n<figure class=\"wp-block-image aligncenter size-full\"><img loading=\"lazy\" decoding=\"async\" width=\"1300\" height=\"861\" src=\"https:\/\/wgphoto.pl\/t\/wp-content\/uploads\/2024\/10\/IMGP8137.jpg\" alt=\"\" class=\"wp-image-4366\" srcset=\"https:\/\/wgphoto.pl\/t\/wp-content\/uploads\/2024\/10\/IMGP8137.jpg 1300w, https:\/\/wgphoto.pl\/t\/wp-content\/uploads\/2024\/10\/IMGP8137-300x199.jpg 300w, https:\/\/wgphoto.pl\/t\/wp-content\/uploads\/2024\/10\/IMGP8137-768x509.jpg 768w\" sizes=\"auto, (max-width: 1300px) 100vw, 1300px\" \/><\/figure>\n\n\n\n<div class=\"wp-block-group has-global-padding is-layout-constrained wp-block-group-is-layout-constrained\">\n<p>Wroc\u0142aw, p\u0119tla Ksi\u0119\u017ce Ma\u0142e. Granatowy tramwaj na ciemnej p\u0119tli nie prezentuje si\u0119 najlepiej, dlatego postanowi\u0142em podkre\u015bli\u0107 co nieco ostrym o\u015bwietleniem. Foto powsta\u0142o z kronikarskiego obowi\u0105zku, to by\u0142a bowiem moja druga s\u0142u\u017cba na takim wozie. 30.05.2020<\/p>\n<\/div>\n","protected":false},"excerpt":{"rendered":"<p>Wroc\u0142aw, p\u0119tla Ksi\u0119\u017ce Ma\u0142e. Granatowy tramwaj na ciemnej p\u0119tli nie prezentuje si\u0119 najlepiej, dlatego postanowi\u0142em podkre\u015bli\u0107 co nieco ostrym o\u015bwietleniem. Foto powsta\u0142o z kronikarskiego obowi\u0105zku, to by\u0142a bowiem moja druga s\u0142u\u017cba na takim wozie. 30.05.2020<\/p>\n","protected":false},"author":1,"featured_media":4366,"comment_status":"open","ping_status":"","sticky":false,"template":"","format":"standard","meta":{"footnotes":""},"categories":[676,3],"tags":[1793,42,1207,27,438,439,90,41],"class_list":["post-4365","post","type-post","status-publish","format-standard","has-post-thumbnail","hentry","category-rok-2020","category-tramwaj","tag-2020-05-30","tag-mpk-wroclaw","tag-pesa-twist","tag-polska","tag-portret-z-petli","tag-we-fabryce","tag-wieczorem","tag-wroclaw"],"_links":{"self":[{"href":"https:\/\/wgphoto.pl\/t\/index.php?rest_route=\/wp\/v2\/posts\/4365","targetHints":{"allow":["GET"]}}],"collection":[{"href":"https:\/\/wgphoto.pl\/t\/index.php?rest_route=\/wp\/v2\/posts"}],"about":[{"href":"https:\/\/wgphoto.pl\/t\/index.php?rest_route=\/wp\/v2\/types\/post"}],"author":[{"embeddable":true,"href":"https:\/\/wgphoto.pl\/t\/index.php?rest_route=\/wp\/v2\/users\/1"}],"replies":[{"embeddable":true,"href":"https:\/\/wgphoto.pl\/t\/index.php?rest_route=%2Fwp%2Fv2%2Fcomments&post=4365"}],"version-history":[{"count":1,"href":"https:\/\/wgphoto.pl\/t\/index.php?rest_route=\/wp\/v2\/posts\/4365\/revisions"}],"predecessor-version":[{"id":4367,"href":"https:\/\/wgphoto.pl\/t\/index.php?rest_route=\/wp\/v2\/posts\/4365\/revisions\/4367"}],"wp:featuredmedia":[{"embeddable":true,"href":"https:\/\/wgphoto.pl\/t\/index.php?rest_route=\/wp\/v2\/media\/4366"}],"wp:attachment":[{"href":"https:\/\/wgphoto.pl\/t\/index.php?rest_route=%2Fwp%2Fv2%2Fmedia&parent=4365"}],"wp:term":[{"taxonomy":"category","embeddable":true,"href":"https:\/\/wgphoto.pl\/t\/index.php?rest_route=%2Fwp%2Fv2%2Fcategories&post=4365"},{"taxonomy":"post_tag","embeddable":true,"href":"https:\/\/wgphoto.pl\/t\/index.php?rest_route=%2Fwp%2Fv2%2Ftags&post=4365"}],"curies":[{"name":"wp","href":"https:\/\/api.w.org\/{rel}","templated":true}]}}