{"id":4371,"date":"2024-10-30T17:42:23","date_gmt":"2024-10-30T16:42:23","guid":{"rendered":"https:\/\/wgphoto.pl\/t\/?p=4371"},"modified":"2024-10-30T17:42:23","modified_gmt":"2024-10-30T16:42:23","slug":"weryfikacja","status":"publish","type":"post","link":"https:\/\/wgphoto.pl\/t\/?p=4371","title":{"rendered":"Weryfikacja"},"content":{"rendered":"\n<figure class=\"wp-block-image aligncenter size-full\"><img loading=\"lazy\" decoding=\"async\" width=\"1300\" height=\"870\" src=\"https:\/\/wgphoto.pl\/t\/wp-content\/uploads\/2024\/10\/IMGP8439.jpg\" alt=\"\" class=\"wp-image-4372\" srcset=\"https:\/\/wgphoto.pl\/t\/wp-content\/uploads\/2024\/10\/IMGP8439.jpg 1300w, https:\/\/wgphoto.pl\/t\/wp-content\/uploads\/2024\/10\/IMGP8439-300x201.jpg 300w, https:\/\/wgphoto.pl\/t\/wp-content\/uploads\/2024\/10\/IMGP8439-768x514.jpg 768w\" sizes=\"auto, (max-width: 1300px) 100vw, 1300px\" \/><\/figure>\n\n\n\n<div class=\"wp-block-group has-global-padding is-layout-constrained wp-block-group-is-layout-constrained\">\n<p>Wiede\u0144, Favoritenstra\u00dfe. Ju\u017c tu wisi (albo i nie) podobne foto. Przy wyborze kadru do wsp\u00f3\u0142czesnej obr\u00f3bki bardziej moj\u0105 uwag\u0119 przyci\u0105gn\u0119\u0142a wersja z mijank\u0105, chocia\u017c poprzedni wariant z widocznymi przystankami w tle te\u017c jest dobry. Nie mam niestety uj\u0119cia w lepszym \u015bwietle. Wsp\u00f3\u0142czesna wrzutka jest dobr\u0105 okazj\u0105 do weryfikacji danych o przed\u0142u\u017ceniu metra, o kt\u00f3rym mowa by\u0142a pod wcze\u015bniej dodanym zdj\u0119ciem. Ot\u00f3\u017c nowy odcinek U1 otwarto ostatecznie 2 wrze\u015bnia 2017 roku, prowadzi on nie do Rothneusiedl lecz do Oberlaa, a uruchomienie tego fragmentu spowodowa\u0142o ca\u0142kowit\u0105 likwidacj\u0119 tramwaj\u00f3w w miejscu ze zdj\u0119cia (jak i ca\u0142ej odnogi z Reumannplatz do Oberlaa). 27.05.2012<\/p>\n<\/div>\n","protected":false},"excerpt":{"rendered":"<p>Wiede\u0144, Favoritenstra\u00dfe. Ju\u017c tu wisi (albo i nie) podobne foto. Przy wyborze kadru do wsp\u00f3\u0142czesnej obr\u00f3bki bardziej moj\u0105 uwag\u0119 przyci\u0105gn\u0119\u0142a wersja z mijank\u0105, chocia\u017c poprzedni wariant z widocznymi przystankami w tle te\u017c jest dobry. Nie mam niestety uj\u0119cia w lepszym \u015bwietle. Wsp\u00f3\u0142czesna wrzutka jest dobr\u0105 okazj\u0105 do weryfikacji danych o przed\u0142u\u017ceniu metra, o kt\u00f3rym mowa [&hellip;]<\/p>\n","protected":false},"author":1,"featured_media":4372,"comment_status":"open","ping_status":"","sticky":false,"template":"","format":"standard","meta":{"footnotes":""},"categories":[46,3],"tags":[1796,9,173,389,271,97,98],"class_list":["post-4371","post","type-post","status-publish","format-standard","has-post-thumbnail","hentry","category-rok-2012","category-tramwaj","tag-2012-05-27","tag-austria","tag-koncowki","tag-mijanka","tag-ulf","tag-wieden","tag-wiener-linien"],"_links":{"self":[{"href":"https:\/\/wgphoto.pl\/t\/index.php?rest_route=\/wp\/v2\/posts\/4371","targetHints":{"allow":["GET"]}}],"collection":[{"href":"https:\/\/wgphoto.pl\/t\/index.php?rest_route=\/wp\/v2\/posts"}],"about":[{"href":"https:\/\/wgphoto.pl\/t\/index.php?rest_route=\/wp\/v2\/types\/post"}],"author":[{"embeddable":true,"href":"https:\/\/wgphoto.pl\/t\/index.php?rest_route=\/wp\/v2\/users\/1"}],"replies":[{"embeddable":true,"href":"https:\/\/wgphoto.pl\/t\/index.php?rest_route=%2Fwp%2Fv2%2Fcomments&post=4371"}],"version-history":[{"count":1,"href":"https:\/\/wgphoto.pl\/t\/index.php?rest_route=\/wp\/v2\/posts\/4371\/revisions"}],"predecessor-version":[{"id":4373,"href":"https:\/\/wgphoto.pl\/t\/index.php?rest_route=\/wp\/v2\/posts\/4371\/revisions\/4373"}],"wp:featuredmedia":[{"embeddable":true,"href":"https:\/\/wgphoto.pl\/t\/index.php?rest_route=\/wp\/v2\/media\/4372"}],"wp:attachment":[{"href":"https:\/\/wgphoto.pl\/t\/index.php?rest_route=%2Fwp%2Fv2%2Fmedia&parent=4371"}],"wp:term":[{"taxonomy":"category","embeddable":true,"href":"https:\/\/wgphoto.pl\/t\/index.php?rest_route=%2Fwp%2Fv2%2Fcategories&post=4371"},{"taxonomy":"post_tag","embeddable":true,"href":"https:\/\/wgphoto.pl\/t\/index.php?rest_route=%2Fwp%2Fv2%2Ftags&post=4371"}],"curies":[{"name":"wp","href":"https:\/\/api.w.org\/{rel}","templated":true}]}}