{"id":4374,"date":"2024-10-30T17:43:22","date_gmt":"2024-10-30T16:43:22","guid":{"rendered":"https:\/\/wgphoto.pl\/t\/?p=4374"},"modified":"2024-10-30T17:43:22","modified_gmt":"2024-10-30T16:43:22","slug":"nie-chojnice","status":"publish","type":"post","link":"https:\/\/wgphoto.pl\/t\/?p=4374","title":{"rendered":"Nie-Chojnice"},"content":{"rendered":"\n<figure class=\"wp-block-image aligncenter size-full\"><img loading=\"lazy\" decoding=\"async\" width=\"1300\" height=\"870\" src=\"https:\/\/wgphoto.pl\/t\/wp-content\/uploads\/2024\/10\/IMGP5771-1.jpg\" alt=\"\" class=\"wp-image-4375\" srcset=\"https:\/\/wgphoto.pl\/t\/wp-content\/uploads\/2024\/10\/IMGP5771-1.jpg 1300w, https:\/\/wgphoto.pl\/t\/wp-content\/uploads\/2024\/10\/IMGP5771-1-300x201.jpg 300w, https:\/\/wgphoto.pl\/t\/wp-content\/uploads\/2024\/10\/IMGP5771-1-768x514.jpg 768w\" sizes=\"auto, (max-width: 1300px) 100vw, 1300px\" \/><\/figure>\n\n\n\n<div class=\"wp-block-group has-global-padding is-layout-constrained wp-block-group-is-layout-constrained\">\n<p>810.121-4 z doczep\u0105 skomunikowa\u0142 si\u0119 z niewidocznym ju\u017c poci\u0105giem \u010cesk\u00e1 T\u0159ebov\u00e1 &#8211; Skalice nad Svitavou i za kilkana\u015bcie minut pojedzie jako poci\u0105g osobowy 24713 do Prost\u011bjova hl.n. Tr\u00f3jkierunkowy w\u0119ze\u0142 Chornice, le\u017c\u0105cy na pograniczu kraj\u00f3w pardubickiego, o\u0142omunieckiego i po\u0142udniowomorawskiego, sta\u0142 si\u0119 symbolem wsp\u00f3\u0142czesnych problem\u00f3w czeskiej kolei. W rozk\u0142adzie rocznym 2012 ca\u0142y w\u0119ze\u0142 znikn\u0105\u0142 z mapy po\u0142\u0105cze\u0144 pasa\u017cerskich, poniewa\u017c organizatorzy transportu s\u0105siaduj\u0105cych kraj\u00f3w nie mog\u0105c si\u0119 dogada\u0107 skr\u00f3cili wszystkie trasy do ostatnich stacji (lub co sensowniejszych miast) przed swoimi granicami. Par\u0119 lat p\u00f3\u017aniej po\u0142\u0105czenia wznowiono, ale w mocno ograniczonym zakresie, wi\u0119c do dzisiaj ten zast\u00f3j trwa. 14.08.2010<\/p>\n<\/div>\n","protected":false},"excerpt":{"rendered":"<p>810.121-4 z doczep\u0105 skomunikowa\u0142 si\u0119 z niewidocznym ju\u017c poci\u0105giem \u010cesk\u00e1 T\u0159ebov\u00e1 &#8211; Skalice nad Svitavou i za kilkana\u015bcie minut pojedzie jako poci\u0105g osobowy 24713 do Prost\u011bjova hl.n. Tr\u00f3jkierunkowy w\u0119ze\u0142 Chornice, le\u017c\u0105cy na pograniczu kraj\u00f3w pardubickiego, o\u0142omunieckiego i po\u0142udniowomorawskiego, sta\u0142 si\u0119 symbolem wsp\u00f3\u0142czesnych problem\u00f3w czeskiej kolei. W rozk\u0142adzie rocznym 2012 ca\u0142y w\u0119ze\u0142 znikn\u0105\u0142 z mapy po\u0142\u0105cze\u0144 [&hellip;]<\/p>\n","protected":false},"author":1,"featured_media":4375,"comment_status":"open","ping_status":"","sticky":false,"template":"","format":"standard","meta":{"footnotes":""},"categories":[2,86],"tags":[1799,92,50,1798,49,196,1797],"class_list":["post-4374","post","type-post","status-publish","format-standard","has-post-thumbnail","hentry","category-kolej","category-rok-2010","tag-2010-08-14","tag-92","tag-cd","tag-chornice","tag-czechy","tag-linie-raczej-lokalne","tag-tab-cz271"],"_links":{"self":[{"href":"https:\/\/wgphoto.pl\/t\/index.php?rest_route=\/wp\/v2\/posts\/4374","targetHints":{"allow":["GET"]}}],"collection":[{"href":"https:\/\/wgphoto.pl\/t\/index.php?rest_route=\/wp\/v2\/posts"}],"about":[{"href":"https:\/\/wgphoto.pl\/t\/index.php?rest_route=\/wp\/v2\/types\/post"}],"author":[{"embeddable":true,"href":"https:\/\/wgphoto.pl\/t\/index.php?rest_route=\/wp\/v2\/users\/1"}],"replies":[{"embeddable":true,"href":"https:\/\/wgphoto.pl\/t\/index.php?rest_route=%2Fwp%2Fv2%2Fcomments&post=4374"}],"version-history":[{"count":1,"href":"https:\/\/wgphoto.pl\/t\/index.php?rest_route=\/wp\/v2\/posts\/4374\/revisions"}],"predecessor-version":[{"id":4376,"href":"https:\/\/wgphoto.pl\/t\/index.php?rest_route=\/wp\/v2\/posts\/4374\/revisions\/4376"}],"wp:featuredmedia":[{"embeddable":true,"href":"https:\/\/wgphoto.pl\/t\/index.php?rest_route=\/wp\/v2\/media\/4375"}],"wp:attachment":[{"href":"https:\/\/wgphoto.pl\/t\/index.php?rest_route=%2Fwp%2Fv2%2Fmedia&parent=4374"}],"wp:term":[{"taxonomy":"category","embeddable":true,"href":"https:\/\/wgphoto.pl\/t\/index.php?rest_route=%2Fwp%2Fv2%2Fcategories&post=4374"},{"taxonomy":"post_tag","embeddable":true,"href":"https:\/\/wgphoto.pl\/t\/index.php?rest_route=%2Fwp%2Fv2%2Ftags&post=4374"}],"curies":[{"name":"wp","href":"https:\/\/api.w.org\/{rel}","templated":true}]}}