{"id":4377,"date":"2024-10-30T17:45:21","date_gmt":"2024-10-30T16:45:21","guid":{"rendered":"https:\/\/wgphoto.pl\/t\/?p=4377"},"modified":"2024-10-30T17:45:21","modified_gmt":"2024-10-30T16:45:21","slug":"mladec","status":"publish","type":"post","link":"https:\/\/wgphoto.pl\/t\/?p=4377","title":{"rendered":"Mlade\u010d"},"content":{"rendered":"\n<figure class=\"wp-block-image aligncenter size-full\"><img loading=\"lazy\" decoding=\"async\" width=\"1300\" height=\"870\" src=\"https:\/\/wgphoto.pl\/t\/wp-content\/uploads\/2024\/10\/IMGP5786.jpg\" alt=\"\" class=\"wp-image-4378\" srcset=\"https:\/\/wgphoto.pl\/t\/wp-content\/uploads\/2024\/10\/IMGP5786.jpg 1300w, https:\/\/wgphoto.pl\/t\/wp-content\/uploads\/2024\/10\/IMGP5786-300x201.jpg 300w, https:\/\/wgphoto.pl\/t\/wp-content\/uploads\/2024\/10\/IMGP5786-768x514.jpg 768w\" sizes=\"auto, (max-width: 1300px) 100vw, 1300px\" \/><\/figure>\n\n\n\n<div class=\"wp-block-group has-global-padding is-layout-constrained wp-block-group-is-layout-constrained\">\n<p>Motorak 810.050-5 przyby\u0142 jako poci\u0105g 23806 ze stacji Litovel p\u0159edm\u011bst\u00ed. Liczba pasa\u017cer\u00f3w na tym kursie by\u0142a niestety adekwatna do oferty, w RJ2009\/2010 przewidziano bowiem na tej trasie 4 pary kurs\u00f3w dziennie, tylko w soboty, niedziele i \u015bwi\u0119ta w rozszerzonym o czerwiec i wrzesie\u0144 sezonie letnim. Z powrotem opr\u00f3cz mnie pojedzie tylko parka id\u0105ca w\u0142a\u015bnie do poci\u0105gu. 14.08.2010<\/p>\n<\/div>\n","protected":false},"excerpt":{"rendered":"<p>Motorak 810.050-5 przyby\u0142 jako poci\u0105g 23806 ze stacji Litovel p\u0159edm\u011bst\u00ed. Liczba pasa\u017cer\u00f3w na tym kursie by\u0142a niestety adekwatna do oferty, w RJ2009\/2010 przewidziano bowiem na tej trasie 4 pary kurs\u00f3w dziennie, tylko w soboty, niedziele i \u015bwi\u0119ta w rozszerzonym o czerwiec i wrzesie\u0144 sezonie letnim. Z powrotem opr\u00f3cz mnie pojedzie tylko parka id\u0105ca w\u0142a\u015bnie do [&hellip;]<\/p>\n","protected":false},"author":1,"featured_media":4378,"comment_status":"open","ping_status":"","sticky":false,"template":"","format":"standard","meta":{"footnotes":""},"categories":[2,86],"tags":[1799,92,50,49,151,1800,94,1801],"class_list":["post-4377","post","type-post","status-publish","format-standard","has-post-thumbnail","hentry","category-kolej","category-rok-2010","tag-2010-08-14","tag-92","tag-cd","tag-czechy","tag-ludzie","tag-mladec","tag-na-kolejowym-koncu-swiata","tag-tab-cz274"],"_links":{"self":[{"href":"https:\/\/wgphoto.pl\/t\/index.php?rest_route=\/wp\/v2\/posts\/4377","targetHints":{"allow":["GET"]}}],"collection":[{"href":"https:\/\/wgphoto.pl\/t\/index.php?rest_route=\/wp\/v2\/posts"}],"about":[{"href":"https:\/\/wgphoto.pl\/t\/index.php?rest_route=\/wp\/v2\/types\/post"}],"author":[{"embeddable":true,"href":"https:\/\/wgphoto.pl\/t\/index.php?rest_route=\/wp\/v2\/users\/1"}],"replies":[{"embeddable":true,"href":"https:\/\/wgphoto.pl\/t\/index.php?rest_route=%2Fwp%2Fv2%2Fcomments&post=4377"}],"version-history":[{"count":1,"href":"https:\/\/wgphoto.pl\/t\/index.php?rest_route=\/wp\/v2\/posts\/4377\/revisions"}],"predecessor-version":[{"id":4379,"href":"https:\/\/wgphoto.pl\/t\/index.php?rest_route=\/wp\/v2\/posts\/4377\/revisions\/4379"}],"wp:featuredmedia":[{"embeddable":true,"href":"https:\/\/wgphoto.pl\/t\/index.php?rest_route=\/wp\/v2\/media\/4378"}],"wp:attachment":[{"href":"https:\/\/wgphoto.pl\/t\/index.php?rest_route=%2Fwp%2Fv2%2Fmedia&parent=4377"}],"wp:term":[{"taxonomy":"category","embeddable":true,"href":"https:\/\/wgphoto.pl\/t\/index.php?rest_route=%2Fwp%2Fv2%2Fcategories&post=4377"},{"taxonomy":"post_tag","embeddable":true,"href":"https:\/\/wgphoto.pl\/t\/index.php?rest_route=%2Fwp%2Fv2%2Ftags&post=4377"}],"curies":[{"name":"wp","href":"https:\/\/api.w.org\/{rel}","templated":true}]}}