{"id":4395,"date":"2024-10-30T17:58:20","date_gmt":"2024-10-30T16:58:20","guid":{"rendered":"https:\/\/wgphoto.pl\/t\/?p=4395"},"modified":"2024-10-30T17:58:20","modified_gmt":"2024-10-30T16:58:20","slug":"stodwojka-nad-odra","status":"publish","type":"post","link":"https:\/\/wgphoto.pl\/t\/?p=4395","title":{"rendered":"Stodw\u00f3jka nad Odr\u0105"},"content":{"rendered":"\n<figure class=\"wp-block-image aligncenter size-full\"><img loading=\"lazy\" decoding=\"async\" width=\"1300\" height=\"867\" src=\"https:\/\/wgphoto.pl\/t\/wp-content\/uploads\/2024\/10\/0629-36a.jpg\" alt=\"\" class=\"wp-image-4396\" srcset=\"https:\/\/wgphoto.pl\/t\/wp-content\/uploads\/2024\/10\/0629-36a.jpg 1300w, https:\/\/wgphoto.pl\/t\/wp-content\/uploads\/2024\/10\/0629-36a-300x200.jpg 300w, https:\/\/wgphoto.pl\/t\/wp-content\/uploads\/2024\/10\/0629-36a-768x512.jpg 768w\" sizes=\"auto, (max-width: 1300px) 100vw, 1300px\" \/><\/figure>\n\n\n\n<div class=\"wp-block-group has-global-padding is-layout-constrained wp-block-group-is-layout-constrained\">\n<p>Wroc\u0142aw, most M\u0142y\u0144ski, 102Na 2048. Nie\u015bmia\u0142e pr\u00f3by sfotografowania tramwaju z widokiem na ko\u015bcio\u0142y Ostrowa Tumskiego w czasach analogowych i bez dost\u0119pu do obiektyw\u00f3w szerokok\u0105tnych nie by\u0142y zadaniem \u0142atwym. 31.12.2006<\/p>\n<\/div>\n","protected":false},"excerpt":{"rendered":"<p>Wroc\u0142aw, most M\u0142y\u0144ski, 102Na 2048. Nie\u015bmia\u0142e pr\u00f3by sfotografowania tramwaju z widokiem na ko\u015bcio\u0142y Ostrowa Tumskiego w czasach analogowych i bez dost\u0119pu do obiektyw\u00f3w szerokok\u0105tnych nie by\u0142y zadaniem \u0142atwym. 31.12.2006<\/p>\n","protected":false},"author":1,"featured_media":4396,"comment_status":"open","ping_status":"","sticky":false,"template":"","format":"standard","meta":{"footnotes":""},"categories":[62,130,3],"tags":[1807,309,45,42,27,41],"class_list":["post-4395","post","type-post","status-publish","format-standard","has-post-thumbnail","hentry","category-analog","category-rok-2006","category-tramwaj","tag-2006-12-31","tag-konstal-102na","tag-most","tag-mpk-wroclaw","tag-polska","tag-wroclaw"],"_links":{"self":[{"href":"https:\/\/wgphoto.pl\/t\/index.php?rest_route=\/wp\/v2\/posts\/4395","targetHints":{"allow":["GET"]}}],"collection":[{"href":"https:\/\/wgphoto.pl\/t\/index.php?rest_route=\/wp\/v2\/posts"}],"about":[{"href":"https:\/\/wgphoto.pl\/t\/index.php?rest_route=\/wp\/v2\/types\/post"}],"author":[{"embeddable":true,"href":"https:\/\/wgphoto.pl\/t\/index.php?rest_route=\/wp\/v2\/users\/1"}],"replies":[{"embeddable":true,"href":"https:\/\/wgphoto.pl\/t\/index.php?rest_route=%2Fwp%2Fv2%2Fcomments&post=4395"}],"version-history":[{"count":1,"href":"https:\/\/wgphoto.pl\/t\/index.php?rest_route=\/wp\/v2\/posts\/4395\/revisions"}],"predecessor-version":[{"id":4397,"href":"https:\/\/wgphoto.pl\/t\/index.php?rest_route=\/wp\/v2\/posts\/4395\/revisions\/4397"}],"wp:featuredmedia":[{"embeddable":true,"href":"https:\/\/wgphoto.pl\/t\/index.php?rest_route=\/wp\/v2\/media\/4396"}],"wp:attachment":[{"href":"https:\/\/wgphoto.pl\/t\/index.php?rest_route=%2Fwp%2Fv2%2Fmedia&parent=4395"}],"wp:term":[{"taxonomy":"category","embeddable":true,"href":"https:\/\/wgphoto.pl\/t\/index.php?rest_route=%2Fwp%2Fv2%2Fcategories&post=4395"},{"taxonomy":"post_tag","embeddable":true,"href":"https:\/\/wgphoto.pl\/t\/index.php?rest_route=%2Fwp%2Fv2%2Ftags&post=4395"}],"curies":[{"name":"wp","href":"https:\/\/api.w.org\/{rel}","templated":true}]}}