{"id":4404,"date":"2024-10-30T18:01:39","date_gmt":"2024-10-30T17:01:39","guid":{"rendered":"https:\/\/wgphoto.pl\/t\/?p=4404"},"modified":"2024-10-30T18:01:39","modified_gmt":"2024-10-30T17:01:39","slug":"ciasno-2","status":"publish","type":"post","link":"https:\/\/wgphoto.pl\/t\/?p=4404","title":{"rendered":"Ciasno"},"content":{"rendered":"\n<figure class=\"wp-block-image aligncenter size-full\"><img loading=\"lazy\" decoding=\"async\" width=\"1300\" height=\"861\" src=\"https:\/\/wgphoto.pl\/t\/wp-content\/uploads\/2024\/10\/IMGP6606.jpg\" alt=\"\" class=\"wp-image-4405\" srcset=\"https:\/\/wgphoto.pl\/t\/wp-content\/uploads\/2024\/10\/IMGP6606.jpg 1300w, https:\/\/wgphoto.pl\/t\/wp-content\/uploads\/2024\/10\/IMGP6606-300x199.jpg 300w, https:\/\/wgphoto.pl\/t\/wp-content\/uploads\/2024\/10\/IMGP6606-768x509.jpg 768w\" sizes=\"auto, (max-width: 1300px) 100vw, 1300px\" \/><\/figure>\n\n\n\n<div class=\"wp-block-group has-global-padding is-layout-constrained wp-block-group-is-layout-constrained\">\n<p>Wiede\u0144, Sommarugagasse. Po drugiej stronie p\u0119tli <em>Antonigasse<\/em> (tej samej co na poprzednim zdj\u0119ciu) te\u017c jest ciekawie, tramwaje wyginaj\u0105 si\u0119 bowiem w planie i profilu na w\u0105skich ulicach. Linia 9 ko\u0144czy\u0142a tam wtedy tras\u0119 tymczasowo, z powodu jakich\u015b prac na dalszym odcinku. 16.08.2014<\/p>\n<\/div>\n","protected":false},"excerpt":{"rendered":"<p>Wiede\u0144, Sommarugagasse. Po drugiej stronie p\u0119tli Antonigasse (tej samej co na poprzednim zdj\u0119ciu) te\u017c jest ciekawie, tramwaje wyginaj\u0105 si\u0119 bowiem w planie i profilu na w\u0105skich ulicach. Linia 9 ko\u0144czy\u0142a tam wtedy tras\u0119 tymczasowo, z powodu jakich\u015b prac na dalszym odcinku. 16.08.2014<\/p>\n","protected":false},"author":1,"featured_media":4405,"comment_status":"open","ping_status":"","sticky":false,"template":"","format":"standard","meta":{"footnotes":""},"categories":[48,3],"tags":[1299,9,118,271,97,98],"class_list":["post-4404","post","type-post","status-publish","format-standard","has-post-thumbnail","hentry","category-rok-2014","category-tramwaj","tag-2014-08-16","tag-austria","tag-plany-i-profile","tag-ulf","tag-wieden","tag-wiener-linien"],"_links":{"self":[{"href":"https:\/\/wgphoto.pl\/t\/index.php?rest_route=\/wp\/v2\/posts\/4404","targetHints":{"allow":["GET"]}}],"collection":[{"href":"https:\/\/wgphoto.pl\/t\/index.php?rest_route=\/wp\/v2\/posts"}],"about":[{"href":"https:\/\/wgphoto.pl\/t\/index.php?rest_route=\/wp\/v2\/types\/post"}],"author":[{"embeddable":true,"href":"https:\/\/wgphoto.pl\/t\/index.php?rest_route=\/wp\/v2\/users\/1"}],"replies":[{"embeddable":true,"href":"https:\/\/wgphoto.pl\/t\/index.php?rest_route=%2Fwp%2Fv2%2Fcomments&post=4404"}],"version-history":[{"count":1,"href":"https:\/\/wgphoto.pl\/t\/index.php?rest_route=\/wp\/v2\/posts\/4404\/revisions"}],"predecessor-version":[{"id":4406,"href":"https:\/\/wgphoto.pl\/t\/index.php?rest_route=\/wp\/v2\/posts\/4404\/revisions\/4406"}],"wp:featuredmedia":[{"embeddable":true,"href":"https:\/\/wgphoto.pl\/t\/index.php?rest_route=\/wp\/v2\/media\/4405"}],"wp:attachment":[{"href":"https:\/\/wgphoto.pl\/t\/index.php?rest_route=%2Fwp%2Fv2%2Fmedia&parent=4404"}],"wp:term":[{"taxonomy":"category","embeddable":true,"href":"https:\/\/wgphoto.pl\/t\/index.php?rest_route=%2Fwp%2Fv2%2Fcategories&post=4404"},{"taxonomy":"post_tag","embeddable":true,"href":"https:\/\/wgphoto.pl\/t\/index.php?rest_route=%2Fwp%2Fv2%2Ftags&post=4404"}],"curies":[{"name":"wp","href":"https:\/\/api.w.org\/{rel}","templated":true}]}}