{"id":4419,"date":"2024-10-31T20:19:37","date_gmt":"2024-10-31T19:19:37","guid":{"rendered":"https:\/\/wgphoto.pl\/t\/?p=4419"},"modified":"2024-10-31T20:19:37","modified_gmt":"2024-10-31T19:19:37","slug":"estakadowe-podobienstwo","status":"publish","type":"post","link":"https:\/\/wgphoto.pl\/t\/?p=4419","title":{"rendered":"Estakadowe podobie\u0144stwo"},"content":{"rendered":"\n<figure class=\"wp-block-image aligncenter size-full\"><img loading=\"lazy\" decoding=\"async\" width=\"1300\" height=\"861\" src=\"https:\/\/wgphoto.pl\/t\/wp-content\/uploads\/2024\/10\/IMGP6914.jpg\" alt=\"\" class=\"wp-image-4420\" srcset=\"https:\/\/wgphoto.pl\/t\/wp-content\/uploads\/2024\/10\/IMGP6914.jpg 1300w, https:\/\/wgphoto.pl\/t\/wp-content\/uploads\/2024\/10\/IMGP6914-300x199.jpg 300w, https:\/\/wgphoto.pl\/t\/wp-content\/uploads\/2024\/10\/IMGP6914-768x509.jpg 768w\" sizes=\"auto, (max-width: 1300px) 100vw, 1300px\" \/><\/figure>\n\n\n\n<div class=\"wp-block-group has-global-padding is-layout-constrained wp-block-group-is-layout-constrained\">\n<p>Innsbruck, Ing.-Etzel-Stra\u00dfe. Cityrunner nr 302 jedzie wzd\u0142u\u017c estakady kolejowej, tworz\u0105cej klimacik troch\u0119 podobny do wroc\u0142awskiego. Mam te\u017c foto z poci\u0105giem, ale w mi\u0119dzyczasie najwidoczniej zrobi\u0142em par\u0119 krok\u00f3w, w zwi\u0105zku z czym oba zdj\u0119cia nie nadaj\u0105 si\u0119 do sklejki. 19.08.2014<\/p>\n<\/div>\n","protected":false},"excerpt":{"rendered":"<p>Innsbruck, Ing.-Etzel-Stra\u00dfe. Cityrunner nr 302 jedzie wzd\u0142u\u017c estakady kolejowej, tworz\u0105cej klimacik troch\u0119 podobny do wroc\u0142awskiego. Mam te\u017c foto z poci\u0105giem, ale w mi\u0119dzyczasie najwidoczniej zrobi\u0142em par\u0119 krok\u00f3w, w zwi\u0105zku z czym oba zdj\u0119cia nie nadaj\u0105 si\u0119 do sklejki. 19.08.2014<\/p>\n","protected":false},"author":1,"featured_media":4420,"comment_status":"open","ping_status":"","sticky":false,"template":"","format":"standard","meta":{"footnotes":""},"categories":[48,3],"tags":[1397,9,185,114,241,242,821,176],"class_list":["post-4419","post","type-post","status-publish","format-standard","has-post-thumbnail","hentry","category-rok-2014","category-tramwaj","tag-2014-08-19","tag-austria","tag-cityrunner","tag-gory","tag-innsbruck","tag-ivb-innsbruck","tag-mgla","tag-rano"],"_links":{"self":[{"href":"https:\/\/wgphoto.pl\/t\/index.php?rest_route=\/wp\/v2\/posts\/4419","targetHints":{"allow":["GET"]}}],"collection":[{"href":"https:\/\/wgphoto.pl\/t\/index.php?rest_route=\/wp\/v2\/posts"}],"about":[{"href":"https:\/\/wgphoto.pl\/t\/index.php?rest_route=\/wp\/v2\/types\/post"}],"author":[{"embeddable":true,"href":"https:\/\/wgphoto.pl\/t\/index.php?rest_route=\/wp\/v2\/users\/1"}],"replies":[{"embeddable":true,"href":"https:\/\/wgphoto.pl\/t\/index.php?rest_route=%2Fwp%2Fv2%2Fcomments&post=4419"}],"version-history":[{"count":1,"href":"https:\/\/wgphoto.pl\/t\/index.php?rest_route=\/wp\/v2\/posts\/4419\/revisions"}],"predecessor-version":[{"id":4421,"href":"https:\/\/wgphoto.pl\/t\/index.php?rest_route=\/wp\/v2\/posts\/4419\/revisions\/4421"}],"wp:featuredmedia":[{"embeddable":true,"href":"https:\/\/wgphoto.pl\/t\/index.php?rest_route=\/wp\/v2\/media\/4420"}],"wp:attachment":[{"href":"https:\/\/wgphoto.pl\/t\/index.php?rest_route=%2Fwp%2Fv2%2Fmedia&parent=4419"}],"wp:term":[{"taxonomy":"category","embeddable":true,"href":"https:\/\/wgphoto.pl\/t\/index.php?rest_route=%2Fwp%2Fv2%2Fcategories&post=4419"},{"taxonomy":"post_tag","embeddable":true,"href":"https:\/\/wgphoto.pl\/t\/index.php?rest_route=%2Fwp%2Fv2%2Ftags&post=4419"}],"curies":[{"name":"wp","href":"https:\/\/api.w.org\/{rel}","templated":true}]}}