{"id":4458,"date":"2024-11-02T18:31:11","date_gmt":"2024-11-02T17:31:11","guid":{"rendered":"https:\/\/wgphoto.pl\/t\/?p=4458"},"modified":"2024-11-02T18:31:11","modified_gmt":"2024-11-02T17:31:11","slug":"wycieczka-szkolna","status":"publish","type":"post","link":"https:\/\/wgphoto.pl\/t\/?p=4458","title":{"rendered":"Wycieczka szkolna"},"content":{"rendered":"\n<figure class=\"wp-block-image aligncenter size-full\"><img loading=\"lazy\" decoding=\"async\" width=\"1300\" height=\"870\" src=\"https:\/\/wgphoto.pl\/t\/wp-content\/uploads\/2024\/11\/IMGP8582.jpg\" alt=\"\" class=\"wp-image-4459\" srcset=\"https:\/\/wgphoto.pl\/t\/wp-content\/uploads\/2024\/11\/IMGP8582.jpg 1300w, https:\/\/wgphoto.pl\/t\/wp-content\/uploads\/2024\/11\/IMGP8582-300x201.jpg 300w, https:\/\/wgphoto.pl\/t\/wp-content\/uploads\/2024\/11\/IMGP8582-768x514.jpg 768w\" sizes=\"auto, (max-width: 1300px) 100vw, 1300px\" \/><\/figure>\n\n\n\n<div class=\"wp-block-group has-global-padding is-layout-constrained wp-block-group-is-layout-constrained\">\n<p>Regionova 814.024 jako poci\u0105g osobowy 15757 relacji Trutnov hl.n. &#8211; Teplice nad Metuj\u00ed zatrzymuje si\u0119 przy ziemnym peronie stacji Trutnov st\u0159ed. 10.06.2012<\/p>\n<\/div>\n","protected":false},"excerpt":{"rendered":"<p>Regionova 814.024 jako poci\u0105g osobowy 15757 relacji Trutnov hl.n. &#8211; Teplice nad Metuj\u00ed zatrzymuje si\u0119 przy ziemnym peronie stacji Trutnov st\u0159ed. 10.06.2012<\/p>\n","protected":false},"author":1,"featured_media":4459,"comment_status":"open","ping_status":"","sticky":false,"template":"","format":"standard","meta":{"footnotes":""},"categories":[2,46],"tags":[1821,211,50,49,196,151,1822,1825],"class_list":["post-4458","post","type-post","status-publish","format-standard","has-post-thumbnail","hentry","category-kolej","category-rok-2012","tag-2012-06-10","tag-211","tag-cd","tag-czechy","tag-linie-raczej-lokalne","tag-ludzie","tag-tab-cz047","tag-trutnov-stred"],"_links":{"self":[{"href":"https:\/\/wgphoto.pl\/t\/index.php?rest_route=\/wp\/v2\/posts\/4458","targetHints":{"allow":["GET"]}}],"collection":[{"href":"https:\/\/wgphoto.pl\/t\/index.php?rest_route=\/wp\/v2\/posts"}],"about":[{"href":"https:\/\/wgphoto.pl\/t\/index.php?rest_route=\/wp\/v2\/types\/post"}],"author":[{"embeddable":true,"href":"https:\/\/wgphoto.pl\/t\/index.php?rest_route=\/wp\/v2\/users\/1"}],"replies":[{"embeddable":true,"href":"https:\/\/wgphoto.pl\/t\/index.php?rest_route=%2Fwp%2Fv2%2Fcomments&post=4458"}],"version-history":[{"count":1,"href":"https:\/\/wgphoto.pl\/t\/index.php?rest_route=\/wp\/v2\/posts\/4458\/revisions"}],"predecessor-version":[{"id":4460,"href":"https:\/\/wgphoto.pl\/t\/index.php?rest_route=\/wp\/v2\/posts\/4458\/revisions\/4460"}],"wp:featuredmedia":[{"embeddable":true,"href":"https:\/\/wgphoto.pl\/t\/index.php?rest_route=\/wp\/v2\/media\/4459"}],"wp:attachment":[{"href":"https:\/\/wgphoto.pl\/t\/index.php?rest_route=%2Fwp%2Fv2%2Fmedia&parent=4458"}],"wp:term":[{"taxonomy":"category","embeddable":true,"href":"https:\/\/wgphoto.pl\/t\/index.php?rest_route=%2Fwp%2Fv2%2Fcategories&post=4458"},{"taxonomy":"post_tag","embeddable":true,"href":"https:\/\/wgphoto.pl\/t\/index.php?rest_route=%2Fwp%2Fv2%2Ftags&post=4458"}],"curies":[{"name":"wp","href":"https:\/\/api.w.org\/{rel}","templated":true}]}}