{"id":4461,"date":"2024-11-02T18:32:16","date_gmt":"2024-11-02T17:32:16","guid":{"rendered":"https:\/\/wgphoto.pl\/t\/?p=4461"},"modified":"2025-12-21T20:33:20","modified_gmt":"2025-12-21T19:33:20","slug":"na-nadodrzu-bez-zmian","status":"publish","type":"post","link":"https:\/\/wgphoto.pl\/t\/?p=4461","title":{"rendered":"Na Nadodrzu bez zmian"},"content":{"rendered":"\n<figure class=\"wp-block-image aligncenter size-full\"><img loading=\"lazy\" decoding=\"async\" width=\"1300\" height=\"861\" src=\"https:\/\/wgphoto.pl\/t\/wp-content\/uploads\/2024\/11\/IMGP7976.jpg\" alt=\"\" class=\"wp-image-4462\" srcset=\"https:\/\/wgphoto.pl\/t\/wp-content\/uploads\/2024\/11\/IMGP7976.jpg 1300w, https:\/\/wgphoto.pl\/t\/wp-content\/uploads\/2024\/11\/IMGP7976-300x199.jpg 300w, https:\/\/wgphoto.pl\/t\/wp-content\/uploads\/2024\/11\/IMGP7976-768x509.jpg 768w\" sizes=\"auto, (max-width: 1300px) 100vw, 1300px\" \/><\/figure>\n\n\n\n<div class=\"wp-block-group has-global-padding is-layout-constrained wp-block-group-is-layout-constrained\">\n<p>Wroc\u0142aw, pl. Stanis\u0142awa Staszica. Moderus MF19AC #2816 odbywa przerw\u0119 mi\u0119dzy kolejnymi k\u00f3\u0142kami na zer\u00f3weczce prawej. \u015awiat si\u0119 zmienia, a na Nadodrzu wci\u0105\u017c le\u017cy poniemiecki bruk, a elektrociep\u0142ownia dymi. 18.04.2020<\/p>\n<\/div>\n","protected":false},"excerpt":{"rendered":"<p>Wroc\u0142aw, pl. Stanis\u0142awa Staszica. Moderus MF19AC #2816 odbywa przerw\u0119 mi\u0119dzy kolejnymi k\u00f3\u0142kami na zer\u00f3weczce prawej. \u015awiat si\u0119 zmienia, a na Nadodrzu wci\u0105\u017c le\u017cy poniemiecki bruk, a elektrociep\u0142ownia dymi. 18.04.2020<\/p>\n","protected":false},"author":1,"featured_media":4462,"comment_status":"open","ping_status":"","sticky":false,"template":"","format":"standard","meta":{"footnotes":""},"categories":[676,3],"tags":[1826,303,4603,501,42,27,439,90,41],"class_list":["post-4461","post","type-post","status-publish","format-standard","has-post-thumbnail","hentry","category-rok-2020","category-tramwaj","tag-2020-04-18","tag-industrial","tag-mf19ac","tag-moderus-beta","tag-mpk-wroclaw","tag-polska","tag-we-fabryce","tag-wieczorem","tag-wroclaw"],"_links":{"self":[{"href":"https:\/\/wgphoto.pl\/t\/index.php?rest_route=\/wp\/v2\/posts\/4461","targetHints":{"allow":["GET"]}}],"collection":[{"href":"https:\/\/wgphoto.pl\/t\/index.php?rest_route=\/wp\/v2\/posts"}],"about":[{"href":"https:\/\/wgphoto.pl\/t\/index.php?rest_route=\/wp\/v2\/types\/post"}],"author":[{"embeddable":true,"href":"https:\/\/wgphoto.pl\/t\/index.php?rest_route=\/wp\/v2\/users\/1"}],"replies":[{"embeddable":true,"href":"https:\/\/wgphoto.pl\/t\/index.php?rest_route=%2Fwp%2Fv2%2Fcomments&post=4461"}],"version-history":[{"count":1,"href":"https:\/\/wgphoto.pl\/t\/index.php?rest_route=\/wp\/v2\/posts\/4461\/revisions"}],"predecessor-version":[{"id":4463,"href":"https:\/\/wgphoto.pl\/t\/index.php?rest_route=\/wp\/v2\/posts\/4461\/revisions\/4463"}],"wp:featuredmedia":[{"embeddable":true,"href":"https:\/\/wgphoto.pl\/t\/index.php?rest_route=\/wp\/v2\/media\/4462"}],"wp:attachment":[{"href":"https:\/\/wgphoto.pl\/t\/index.php?rest_route=%2Fwp%2Fv2%2Fmedia&parent=4461"}],"wp:term":[{"taxonomy":"category","embeddable":true,"href":"https:\/\/wgphoto.pl\/t\/index.php?rest_route=%2Fwp%2Fv2%2Fcategories&post=4461"},{"taxonomy":"post_tag","embeddable":true,"href":"https:\/\/wgphoto.pl\/t\/index.php?rest_route=%2Fwp%2Fv2%2Ftags&post=4461"}],"curies":[{"name":"wp","href":"https:\/\/api.w.org\/{rel}","templated":true}]}}