{"id":4470,"date":"2024-11-02T18:35:20","date_gmt":"2024-11-02T17:35:20","guid":{"rendered":"https:\/\/wgphoto.pl\/t\/?p=4470"},"modified":"2024-11-02T18:35:20","modified_gmt":"2024-11-02T17:35:20","slug":"230-055-6-230-052-3-batelov","status":"publish","type":"post","link":"https:\/\/wgphoto.pl\/t\/?p=4470","title":{"rendered":"230.055-6 + 230.052-3, Batelov"},"content":{"rendered":"\n<figure class=\"wp-block-image aligncenter size-full\"><img loading=\"lazy\" decoding=\"async\" width=\"1300\" height=\"870\" src=\"https:\/\/wgphoto.pl\/t\/wp-content\/uploads\/2024\/11\/IMGP8065.jpg\" alt=\"\" class=\"wp-image-4471\" srcset=\"https:\/\/wgphoto.pl\/t\/wp-content\/uploads\/2024\/11\/IMGP8065.jpg 1300w, https:\/\/wgphoto.pl\/t\/wp-content\/uploads\/2024\/11\/IMGP8065-300x201.jpg 300w, https:\/\/wgphoto.pl\/t\/wp-content\/uploads\/2024\/11\/IMGP8065-768x514.jpg 768w\" sizes=\"auto, (max-width: 1300px) 100vw, 1300px\" \/><\/figure>\n\n\n\n<div class=\"wp-block-group has-global-padding is-layout-constrained wp-block-group-is-layout-constrained\">\n<p>Duet laminatek ze zwartym sk\u0142adem w\u0119glarek na haku wykrzy\u017cowawszy si\u0119 z motorakiem jad\u0105cym w przeciwnym kierunku wyrusza w dalsz\u0105 drog\u0119 w kierunku Vesel\u00ed nad Lu\u017enic\u00ed. 17.09.2010<\/p>\n<\/div>\n","protected":false},"excerpt":{"rendered":"<p>Duet laminatek ze zwartym sk\u0142adem w\u0119glarek na haku wykrzy\u017cowawszy si\u0119 z motorakiem jad\u0105cym w przeciwnym kierunku wyrusza w dalsz\u0105 drog\u0119 w kierunku Vesel\u00ed nad Lu\u017enic\u00ed. 17.09.2010<\/p>\n","protected":false},"author":1,"featured_media":4471,"comment_status":"open","ping_status":"","sticky":false,"template":"","format":"standard","meta":{"footnotes":""},"categories":[2,86],"tags":[88,829,1830,50,49,313,1829],"class_list":["post-4470","post","type-post","status-publish","format-standard","has-post-thumbnail","hentry","category-kolej","category-rok-2010","tag-2010-09-17","tag-829","tag-batelov","tag-cd","tag-czechy","tag-dyzurny","tag-tab-cz225"],"_links":{"self":[{"href":"https:\/\/wgphoto.pl\/t\/index.php?rest_route=\/wp\/v2\/posts\/4470","targetHints":{"allow":["GET"]}}],"collection":[{"href":"https:\/\/wgphoto.pl\/t\/index.php?rest_route=\/wp\/v2\/posts"}],"about":[{"href":"https:\/\/wgphoto.pl\/t\/index.php?rest_route=\/wp\/v2\/types\/post"}],"author":[{"embeddable":true,"href":"https:\/\/wgphoto.pl\/t\/index.php?rest_route=\/wp\/v2\/users\/1"}],"replies":[{"embeddable":true,"href":"https:\/\/wgphoto.pl\/t\/index.php?rest_route=%2Fwp%2Fv2%2Fcomments&post=4470"}],"version-history":[{"count":1,"href":"https:\/\/wgphoto.pl\/t\/index.php?rest_route=\/wp\/v2\/posts\/4470\/revisions"}],"predecessor-version":[{"id":4472,"href":"https:\/\/wgphoto.pl\/t\/index.php?rest_route=\/wp\/v2\/posts\/4470\/revisions\/4472"}],"wp:featuredmedia":[{"embeddable":true,"href":"https:\/\/wgphoto.pl\/t\/index.php?rest_route=\/wp\/v2\/media\/4471"}],"wp:attachment":[{"href":"https:\/\/wgphoto.pl\/t\/index.php?rest_route=%2Fwp%2Fv2%2Fmedia&parent=4470"}],"wp:term":[{"taxonomy":"category","embeddable":true,"href":"https:\/\/wgphoto.pl\/t\/index.php?rest_route=%2Fwp%2Fv2%2Fcategories&post=4470"},{"taxonomy":"post_tag","embeddable":true,"href":"https:\/\/wgphoto.pl\/t\/index.php?rest_route=%2Fwp%2Fv2%2Ftags&post=4470"}],"curies":[{"name":"wp","href":"https:\/\/api.w.org\/{rel}","templated":true}]}}