{"id":4479,"date":"2024-11-02T18:38:16","date_gmt":"2024-11-02T17:38:16","guid":{"rendered":"https:\/\/wgphoto.pl\/t\/?p=4479"},"modified":"2024-11-02T18:38:16","modified_gmt":"2024-11-02T17:38:16","slug":"wieczorny-szczyt","status":"publish","type":"post","link":"https:\/\/wgphoto.pl\/t\/?p=4479","title":{"rendered":"Wieczorny szczyt"},"content":{"rendered":"\n<figure class=\"wp-block-image aligncenter size-full\"><img loading=\"lazy\" decoding=\"async\" width=\"1300\" height=\"867\" src=\"https:\/\/wgphoto.pl\/t\/wp-content\/uploads\/2024\/11\/0527-00.jpg\" alt=\"\" class=\"wp-image-4480\" srcset=\"https:\/\/wgphoto.pl\/t\/wp-content\/uploads\/2024\/11\/0527-00.jpg 1300w, https:\/\/wgphoto.pl\/t\/wp-content\/uploads\/2024\/11\/0527-00-300x200.jpg 300w, https:\/\/wgphoto.pl\/t\/wp-content\/uploads\/2024\/11\/0527-00-768x512.jpg 768w\" sizes=\"auto, (max-width: 1300px) 100vw, 1300px\" \/><\/figure>\n\n\n\n<div class=\"wp-block-group has-global-padding is-layout-constrained wp-block-group-is-layout-constrained\">\n<p>Stacja Pozna\u0144 G\u0142\u00f3wny oko\u0142o godziny 22:30. ET22-907 pojedzie z poci\u0105giem osobowym 742 do Leszna, z lewej widoczny jest poci\u0105g nr 542 do Jarocina. A\u017c mi\u0142o popatrze\u0107 na sk\u0142ady odje\u017cd\u017caj\u0105ce z du\u017cego miasta we wszystkich kierunkach, zapewniaj\u0105ce powr\u00f3t do domu po drugiej zmianie. 15.09.2005<\/p>\n<\/div>\n","protected":false},"excerpt":{"rendered":"<p>Stacja Pozna\u0144 G\u0142\u00f3wny oko\u0142o godziny 22:30. ET22-907 pojedzie z poci\u0105giem osobowym 742 do Leszna, z lewej widoczny jest poci\u0105g nr 542 do Jarocina. A\u017c mi\u0142o popatrze\u0107 na sk\u0142ady odje\u017cd\u017caj\u0105ce z du\u017cego miasta we wszystkich kierunkach, zapewniaj\u0105ce powr\u00f3t do domu po drugiej zmianie. 15.09.2005<\/p>\n","protected":false},"author":1,"featured_media":4480,"comment_status":"open","ping_status":"","sticky":false,"template":"","format":"standard","meta":{"footnotes":""},"categories":[62,2,311],"tags":[1833,283,26,154,24,63,27,235,224],"class_list":["post-4479","post","type-post","status-publish","format-standard","has-post-thumbnail","hentry","category-analog","category-kolej","category-rok-2005","tag-2005-09-15","tag-bdhpmnu","tag-et22","tag-noc","tag-perony","tag-pkp","tag-polska","tag-poznan","tag-poznan-glowny"],"_links":{"self":[{"href":"https:\/\/wgphoto.pl\/t\/index.php?rest_route=\/wp\/v2\/posts\/4479","targetHints":{"allow":["GET"]}}],"collection":[{"href":"https:\/\/wgphoto.pl\/t\/index.php?rest_route=\/wp\/v2\/posts"}],"about":[{"href":"https:\/\/wgphoto.pl\/t\/index.php?rest_route=\/wp\/v2\/types\/post"}],"author":[{"embeddable":true,"href":"https:\/\/wgphoto.pl\/t\/index.php?rest_route=\/wp\/v2\/users\/1"}],"replies":[{"embeddable":true,"href":"https:\/\/wgphoto.pl\/t\/index.php?rest_route=%2Fwp%2Fv2%2Fcomments&post=4479"}],"version-history":[{"count":1,"href":"https:\/\/wgphoto.pl\/t\/index.php?rest_route=\/wp\/v2\/posts\/4479\/revisions"}],"predecessor-version":[{"id":4481,"href":"https:\/\/wgphoto.pl\/t\/index.php?rest_route=\/wp\/v2\/posts\/4479\/revisions\/4481"}],"wp:featuredmedia":[{"embeddable":true,"href":"https:\/\/wgphoto.pl\/t\/index.php?rest_route=\/wp\/v2\/media\/4480"}],"wp:attachment":[{"href":"https:\/\/wgphoto.pl\/t\/index.php?rest_route=%2Fwp%2Fv2%2Fmedia&parent=4479"}],"wp:term":[{"taxonomy":"category","embeddable":true,"href":"https:\/\/wgphoto.pl\/t\/index.php?rest_route=%2Fwp%2Fv2%2Fcategories&post=4479"},{"taxonomy":"post_tag","embeddable":true,"href":"https:\/\/wgphoto.pl\/t\/index.php?rest_route=%2Fwp%2Fv2%2Ftags&post=4479"}],"curies":[{"name":"wp","href":"https:\/\/api.w.org\/{rel}","templated":true}]}}