{"id":4522,"date":"2024-11-02T19:13:36","date_gmt":"2024-11-02T18:13:36","guid":{"rendered":"https:\/\/wgphoto.pl\/t\/?p=4522"},"modified":"2024-11-02T19:13:36","modified_gmt":"2024-11-02T18:13:36","slug":"waclaw-po-raz-pierwszy","status":"publish","type":"post","link":"https:\/\/wgphoto.pl\/t\/?p=4522","title":{"rendered":"Wac\u0142aw po raz pierwszy"},"content":{"rendered":"\n<figure class=\"wp-block-image aligncenter size-full\"><img loading=\"lazy\" decoding=\"async\" width=\"1200\" height=\"795\" src=\"https:\/\/wgphoto.pl\/t\/wp-content\/uploads\/2024\/11\/IMGP0947.jpg\" alt=\"\" class=\"wp-image-4523\" srcset=\"https:\/\/wgphoto.pl\/t\/wp-content\/uploads\/2024\/11\/IMGP0947.jpg 1200w, https:\/\/wgphoto.pl\/t\/wp-content\/uploads\/2024\/11\/IMGP0947-300x199.jpg 300w, https:\/\/wgphoto.pl\/t\/wp-content\/uploads\/2024\/11\/IMGP0947-768x509.jpg 768w\" sizes=\"auto, (max-width: 1200px) 100vw, 1200px\" \/><\/figure>\n\n\n\n<div class=\"wp-block-group has-global-padding is-layout-constrained wp-block-group-is-layout-constrained\">\n<p>36WEa-027 jako poci\u0105g Regio 64424 do K\u0119dzierzyna-Ko\u017ala odje\u017cd\u017ca z Wroc\u0142awia G\u0142\u00f3wnego. Kiedy\u015b jeszcze to uj\u0119cie poprawi\u0119. 01.10.2020<\/p>\n<\/div>\n","protected":false},"excerpt":{"rendered":"<p>36WEa-027 jako poci\u0105g Regio 64424 do K\u0119dzierzyna-Ko\u017ala odje\u017cd\u017ca z Wroc\u0142awia G\u0142\u00f3wnego. Kiedy\u015b jeszcze to uj\u0119cie poprawi\u0119. 01.10.2020<\/p>\n","protected":false},"author":1,"featured_media":4523,"comment_status":"open","ping_status":"","sticky":false,"template":"","format":"standard","meta":{"footnotes":""},"categories":[2,676],"tags":[1844,401,179,395,404,154,24,27,1502,711,41,180],"class_list":["post-4522","post","type-post","status-publish","format-standard","has-post-thumbnail","hentry","category-kolej","category-rok-2020","tag-2020-10-01","tag-36we","tag-hala-peronowa","tag-lustro","tag-newag-impuls","tag-noc","tag-perony","tag-polska","tag-przewozy-regionalne","tag-tab-pl220","tag-wroclaw","tag-wroclaw-glowny"],"_links":{"self":[{"href":"https:\/\/wgphoto.pl\/t\/index.php?rest_route=\/wp\/v2\/posts\/4522","targetHints":{"allow":["GET"]}}],"collection":[{"href":"https:\/\/wgphoto.pl\/t\/index.php?rest_route=\/wp\/v2\/posts"}],"about":[{"href":"https:\/\/wgphoto.pl\/t\/index.php?rest_route=\/wp\/v2\/types\/post"}],"author":[{"embeddable":true,"href":"https:\/\/wgphoto.pl\/t\/index.php?rest_route=\/wp\/v2\/users\/1"}],"replies":[{"embeddable":true,"href":"https:\/\/wgphoto.pl\/t\/index.php?rest_route=%2Fwp%2Fv2%2Fcomments&post=4522"}],"version-history":[{"count":1,"href":"https:\/\/wgphoto.pl\/t\/index.php?rest_route=\/wp\/v2\/posts\/4522\/revisions"}],"predecessor-version":[{"id":4524,"href":"https:\/\/wgphoto.pl\/t\/index.php?rest_route=\/wp\/v2\/posts\/4522\/revisions\/4524"}],"wp:featuredmedia":[{"embeddable":true,"href":"https:\/\/wgphoto.pl\/t\/index.php?rest_route=\/wp\/v2\/media\/4523"}],"wp:attachment":[{"href":"https:\/\/wgphoto.pl\/t\/index.php?rest_route=%2Fwp%2Fv2%2Fmedia&parent=4522"}],"wp:term":[{"taxonomy":"category","embeddable":true,"href":"https:\/\/wgphoto.pl\/t\/index.php?rest_route=%2Fwp%2Fv2%2Fcategories&post=4522"},{"taxonomy":"post_tag","embeddable":true,"href":"https:\/\/wgphoto.pl\/t\/index.php?rest_route=%2Fwp%2Fv2%2Ftags&post=4522"}],"curies":[{"name":"wp","href":"https:\/\/api.w.org\/{rel}","templated":true}]}}