{"id":4528,"date":"2024-11-02T19:21:13","date_gmt":"2024-11-02T18:21:13","guid":{"rendered":"https:\/\/wgphoto.pl\/t\/?p=4528"},"modified":"2024-11-02T19:21:13","modified_gmt":"2024-11-02T18:21:13","slug":"prawdopodobnie-ostatnia-sluzba-liniowa","status":"publish","type":"post","link":"https:\/\/wgphoto.pl\/t\/?p=4528","title":{"rendered":"Prawdopodobnie ostatnia s\u0142u\u017cba liniowa"},"content":{"rendered":"\n<figure class=\"wp-block-image aligncenter size-full\"><img loading=\"lazy\" decoding=\"async\" width=\"1400\" height=\"928\" src=\"https:\/\/wgphoto.pl\/t\/wp-content\/uploads\/2024\/11\/0337-16.jpg\" alt=\"\" class=\"wp-image-4529\" srcset=\"https:\/\/wgphoto.pl\/t\/wp-content\/uploads\/2024\/11\/0337-16.jpg 1400w, https:\/\/wgphoto.pl\/t\/wp-content\/uploads\/2024\/11\/0337-16-300x199.jpg 300w, https:\/\/wgphoto.pl\/t\/wp-content\/uploads\/2024\/11\/0337-16-768x509.jpg 768w\" sizes=\"auto, (max-width: 1400px) 100vw, 1400px\" \/><\/figure>\n\n\n\n<div class=\"wp-block-group has-global-padding is-layout-constrained wp-block-group-is-layout-constrained\">\n<p>Wroc\u0142aw, pl. Stanis\u0142awa Staszica, 102N 2110. Ten wagon ju\u017c jaki\u015b czas temu zosta\u0142 wycofany z ruchu liniowego z przeznaczeniem na pojazd historyczny, ale we Wszystkich \u015awi\u0119tych trzeba si\u0119 czasem ratowa\u0107 wszystkim co tylko jest w stanie wyjecha\u0107 z zajezdni. 01.11.2003<\/p>\n<\/div>\n","protected":false},"excerpt":{"rendered":"<p>Wroc\u0142aw, pl. Stanis\u0142awa Staszica, 102N 2110. Ten wagon ju\u017c jaki\u015b czas temu zosta\u0142 wycofany z ruchu liniowego z przeznaczeniem na pojazd historyczny, ale we Wszystkich \u015awi\u0119tych trzeba si\u0119 czasem ratowa\u0107 wszystkim co tylko jest w stanie wyjecha\u0107 z zajezdni. 01.11.2003<\/p>\n","protected":false},"author":1,"featured_media":4529,"comment_status":"open","ping_status":"","sticky":false,"template":"","format":"standard","meta":{"footnotes":""},"categories":[62,149,3],"tags":[1847,1846,42,27,41,127],"class_list":["post-4528","post","type-post","status-publish","format-standard","has-post-thumbnail","hentry","category-analog","category-rok-2003","category-tramwaj","tag-2003-11-01","tag-konstal-102n","tag-mpk-wroclaw","tag-polska","tag-wroclaw","tag-wroclawskie-e"],"_links":{"self":[{"href":"https:\/\/wgphoto.pl\/t\/index.php?rest_route=\/wp\/v2\/posts\/4528","targetHints":{"allow":["GET"]}}],"collection":[{"href":"https:\/\/wgphoto.pl\/t\/index.php?rest_route=\/wp\/v2\/posts"}],"about":[{"href":"https:\/\/wgphoto.pl\/t\/index.php?rest_route=\/wp\/v2\/types\/post"}],"author":[{"embeddable":true,"href":"https:\/\/wgphoto.pl\/t\/index.php?rest_route=\/wp\/v2\/users\/1"}],"replies":[{"embeddable":true,"href":"https:\/\/wgphoto.pl\/t\/index.php?rest_route=%2Fwp%2Fv2%2Fcomments&post=4528"}],"version-history":[{"count":1,"href":"https:\/\/wgphoto.pl\/t\/index.php?rest_route=\/wp\/v2\/posts\/4528\/revisions"}],"predecessor-version":[{"id":4530,"href":"https:\/\/wgphoto.pl\/t\/index.php?rest_route=\/wp\/v2\/posts\/4528\/revisions\/4530"}],"wp:featuredmedia":[{"embeddable":true,"href":"https:\/\/wgphoto.pl\/t\/index.php?rest_route=\/wp\/v2\/media\/4529"}],"wp:attachment":[{"href":"https:\/\/wgphoto.pl\/t\/index.php?rest_route=%2Fwp%2Fv2%2Fmedia&parent=4528"}],"wp:term":[{"taxonomy":"category","embeddable":true,"href":"https:\/\/wgphoto.pl\/t\/index.php?rest_route=%2Fwp%2Fv2%2Fcategories&post=4528"},{"taxonomy":"post_tag","embeddable":true,"href":"https:\/\/wgphoto.pl\/t\/index.php?rest_route=%2Fwp%2Fv2%2Ftags&post=4528"}],"curies":[{"name":"wp","href":"https:\/\/api.w.org\/{rel}","templated":true}]}}