{"id":4537,"date":"2024-11-02T20:39:45","date_gmt":"2024-11-02T19:39:45","guid":{"rendered":"https:\/\/wgphoto.pl\/t\/?p=4537"},"modified":"2024-11-02T20:39:45","modified_gmt":"2024-11-02T19:39:45","slug":"oporow-po-staremu","status":"publish","type":"post","link":"https:\/\/wgphoto.pl\/t\/?p=4537","title":{"rendered":"Opor\u00f3w po staremu"},"content":{"rendered":"\n<figure class=\"wp-block-image aligncenter size-full\"><img loading=\"lazy\" decoding=\"async\" width=\"1300\" height=\"861\" src=\"https:\/\/wgphoto.pl\/t\/wp-content\/uploads\/2024\/11\/0527-21_rsn_filtered.jpg\" alt=\"\" class=\"wp-image-4538\" srcset=\"https:\/\/wgphoto.pl\/t\/wp-content\/uploads\/2024\/11\/0527-21_rsn_filtered.jpg 1300w, https:\/\/wgphoto.pl\/t\/wp-content\/uploads\/2024\/11\/0527-21_rsn_filtered-300x199.jpg 300w, https:\/\/wgphoto.pl\/t\/wp-content\/uploads\/2024\/11\/0527-21_rsn_filtered-768x509.jpg 768w\" sizes=\"auto, (max-width: 1300px) 100vw, 1300px\" \/><\/figure>\n\n\n\n<div class=\"wp-block-group has-global-padding is-layout-constrained wp-block-group-is-layout-constrained\">\n<p>Na p\u0119tli Opor\u00f3w we Wroc\u0142awiu stoi silna reprezentacja zajezdni Borek: 204WrAs 2602+2601, 102Na 2014 i 2028. Po przebudowie poza oczywistymi wzgl\u0119dami zmieni\u0142 si\u0119 r\u00f3wnie\u017c zestaw linii zagl\u0105daj\u0105cych w to miejsce, jedenastk\u0119 zast\u0105pi\u0142a bowiem pi\u0105tka. 20.09.2005<\/p>\n<\/div>\n","protected":false},"excerpt":{"rendered":"<p>Na p\u0119tli Opor\u00f3w we Wroc\u0142awiu stoi silna reprezentacja zajezdni Borek: 204WrAs 2602+2601, 102Na 2014 i 2028. Po przebudowie poza oczywistymi wzgl\u0119dami zmieni\u0142 si\u0119 r\u00f3wnie\u017c zestaw linii zagl\u0105daj\u0105cych w to miejsce, jedenastk\u0119 zast\u0105pi\u0142a bowiem pi\u0105tka. 20.09.2005<\/p>\n","protected":false},"author":1,"featured_media":4538,"comment_status":"open","ping_status":"","sticky":false,"template":"","format":"standard","meta":{"footnotes":""},"categories":[62,311,3],"tags":[1848,309,42,27,1577,41],"class_list":["post-4537","post","type-post","status-publish","format-standard","has-post-thumbnail","hentry","category-analog","category-rok-2005","category-tramwaj","tag-2005-09-20","tag-konstal-102na","tag-mpk-wroclaw","tag-polska","tag-protram-204wras","tag-wroclaw"],"_links":{"self":[{"href":"https:\/\/wgphoto.pl\/t\/index.php?rest_route=\/wp\/v2\/posts\/4537","targetHints":{"allow":["GET"]}}],"collection":[{"href":"https:\/\/wgphoto.pl\/t\/index.php?rest_route=\/wp\/v2\/posts"}],"about":[{"href":"https:\/\/wgphoto.pl\/t\/index.php?rest_route=\/wp\/v2\/types\/post"}],"author":[{"embeddable":true,"href":"https:\/\/wgphoto.pl\/t\/index.php?rest_route=\/wp\/v2\/users\/1"}],"replies":[{"embeddable":true,"href":"https:\/\/wgphoto.pl\/t\/index.php?rest_route=%2Fwp%2Fv2%2Fcomments&post=4537"}],"version-history":[{"count":1,"href":"https:\/\/wgphoto.pl\/t\/index.php?rest_route=\/wp\/v2\/posts\/4537\/revisions"}],"predecessor-version":[{"id":4539,"href":"https:\/\/wgphoto.pl\/t\/index.php?rest_route=\/wp\/v2\/posts\/4537\/revisions\/4539"}],"wp:featuredmedia":[{"embeddable":true,"href":"https:\/\/wgphoto.pl\/t\/index.php?rest_route=\/wp\/v2\/media\/4538"}],"wp:attachment":[{"href":"https:\/\/wgphoto.pl\/t\/index.php?rest_route=%2Fwp%2Fv2%2Fmedia&parent=4537"}],"wp:term":[{"taxonomy":"category","embeddable":true,"href":"https:\/\/wgphoto.pl\/t\/index.php?rest_route=%2Fwp%2Fv2%2Fcategories&post=4537"},{"taxonomy":"post_tag","embeddable":true,"href":"https:\/\/wgphoto.pl\/t\/index.php?rest_route=%2Fwp%2Fv2%2Ftags&post=4537"}],"curies":[{"name":"wp","href":"https:\/\/api.w.org\/{rel}","templated":true}]}}