{"id":4549,"date":"2024-11-02T20:43:55","date_gmt":"2024-11-02T19:43:55","guid":{"rendered":"https:\/\/wgphoto.pl\/t\/?p=4549"},"modified":"2024-11-02T20:43:55","modified_gmt":"2024-11-02T19:43:55","slug":"sp32-148","status":"publish","type":"post","link":"https:\/\/wgphoto.pl\/t\/?p=4549","title":{"rendered":"SP32-148"},"content":{"rendered":"\n<figure class=\"wp-block-image aligncenter size-full\"><img loading=\"lazy\" decoding=\"async\" width=\"1300\" height=\"867\" src=\"https:\/\/wgphoto.pl\/t\/wp-content\/uploads\/2024\/11\/0338-16.jpg\" alt=\"\" class=\"wp-image-4550\" srcset=\"https:\/\/wgphoto.pl\/t\/wp-content\/uploads\/2024\/11\/0338-16.jpg 1300w, https:\/\/wgphoto.pl\/t\/wp-content\/uploads\/2024\/11\/0338-16-300x200.jpg 300w, https:\/\/wgphoto.pl\/t\/wp-content\/uploads\/2024\/11\/0338-16-768x512.jpg 768w\" sizes=\"auto, (max-width: 1300px) 100vw, 1300px\" \/><\/figure>\n\n\n\n<div class=\"wp-block-group has-global-padding is-layout-constrained wp-block-group-is-layout-constrained\">\n<p>Szlak Kamienna G\u00f3ra &#8211; S\u0119dzis\u0142aw. SP32-148 z poci\u0105giem osobowym 7733 z Lubawki do Wa\u0142brzycha G\u0142\u00f3wnego zbli\u017ca si\u0119 do mostu na Bobrze. 22.11.2003<\/p>\n<\/div>\n","protected":false},"excerpt":{"rendered":"<p>Szlak Kamienna G\u00f3ra &#8211; S\u0119dzis\u0142aw. SP32-148 z poci\u0105giem osobowym 7733 z Lubawki do Wa\u0142brzycha G\u0142\u00f3wnego zbli\u017ca si\u0119 do mostu na Bobrze. 22.11.2003<\/p>\n","protected":false},"author":1,"featured_media":4550,"comment_status":"open","ping_status":"","sticky":false,"template":"","format":"standard","meta":{"footnotes":""},"categories":[62,2,149],"tags":[1854,629,45,27,1061,385,627],"class_list":["post-4549","post","type-post","status-publish","format-standard","has-post-thumbnail","hentry","category-analog","category-kolej","category-rok-2003","tag-2003-11-22","tag-kamienna-gora","tag-most","tag-polska","tag-sedzislaw","tag-sp32","tag-tab-pl247"],"_links":{"self":[{"href":"https:\/\/wgphoto.pl\/t\/index.php?rest_route=\/wp\/v2\/posts\/4549","targetHints":{"allow":["GET"]}}],"collection":[{"href":"https:\/\/wgphoto.pl\/t\/index.php?rest_route=\/wp\/v2\/posts"}],"about":[{"href":"https:\/\/wgphoto.pl\/t\/index.php?rest_route=\/wp\/v2\/types\/post"}],"author":[{"embeddable":true,"href":"https:\/\/wgphoto.pl\/t\/index.php?rest_route=\/wp\/v2\/users\/1"}],"replies":[{"embeddable":true,"href":"https:\/\/wgphoto.pl\/t\/index.php?rest_route=%2Fwp%2Fv2%2Fcomments&post=4549"}],"version-history":[{"count":1,"href":"https:\/\/wgphoto.pl\/t\/index.php?rest_route=\/wp\/v2\/posts\/4549\/revisions"}],"predecessor-version":[{"id":4551,"href":"https:\/\/wgphoto.pl\/t\/index.php?rest_route=\/wp\/v2\/posts\/4549\/revisions\/4551"}],"wp:featuredmedia":[{"embeddable":true,"href":"https:\/\/wgphoto.pl\/t\/index.php?rest_route=\/wp\/v2\/media\/4550"}],"wp:attachment":[{"href":"https:\/\/wgphoto.pl\/t\/index.php?rest_route=%2Fwp%2Fv2%2Fmedia&parent=4549"}],"wp:term":[{"taxonomy":"category","embeddable":true,"href":"https:\/\/wgphoto.pl\/t\/index.php?rest_route=%2Fwp%2Fv2%2Fcategories&post=4549"},{"taxonomy":"post_tag","embeddable":true,"href":"https:\/\/wgphoto.pl\/t\/index.php?rest_route=%2Fwp%2Fv2%2Ftags&post=4549"}],"curies":[{"name":"wp","href":"https:\/\/api.w.org\/{rel}","templated":true}]}}