{"id":4552,"date":"2024-11-02T20:45:04","date_gmt":"2024-11-02T19:45:04","guid":{"rendered":"https:\/\/wgphoto.pl\/t\/?p=4552"},"modified":"2024-11-02T20:45:04","modified_gmt":"2024-11-02T19:45:04","slug":"jested-1012-m-n-p-m","status":"publish","type":"post","link":"https:\/\/wgphoto.pl\/t\/?p=4552","title":{"rendered":"Je\u0161t\u011bd, 1012 m n.p.m."},"content":{"rendered":"\n<figure class=\"wp-block-image aligncenter size-full\"><img loading=\"lazy\" decoding=\"async\" width=\"1300\" height=\"861\" src=\"https:\/\/wgphoto.pl\/t\/wp-content\/uploads\/2024\/11\/IMGP7656.jpg\" alt=\"\" class=\"wp-image-4553\" srcset=\"https:\/\/wgphoto.pl\/t\/wp-content\/uploads\/2024\/11\/IMGP7656.jpg 1300w, https:\/\/wgphoto.pl\/t\/wp-content\/uploads\/2024\/11\/IMGP7656-300x199.jpg 300w, https:\/\/wgphoto.pl\/t\/wp-content\/uploads\/2024\/11\/IMGP7656-768x509.jpg 768w\" sizes=\"auto, (max-width: 1300px) 100vw, 1300px\" \/><\/figure>\n\n\n\n<div class=\"wp-block-group has-global-padding is-layout-constrained wp-block-group-is-layout-constrained\">\n<p>Liberec, ul. Je\u0161t\u011bdsk\u00e1. Solowa Tatra T3M.04 #67 zje\u017cd\u017ca do centrum miasta, zostawiaj\u0105c za sob\u0105 tytu\u0142owy szczyt. 09.02.2020<\/p>\n<\/div>\n","protected":false},"excerpt":{"rendered":"<p>Liberec, ul. Je\u0161t\u011bdsk\u00e1. Solowa Tatra T3M.04 #67 zje\u017cd\u017ca do centrum miasta, zostawiaj\u0105c za sob\u0105 tytu\u0142owy szczyt. 09.02.2020<\/p>\n","protected":false},"author":1,"featured_media":4553,"comment_status":"open","ping_status":"","sticky":false,"template":"","format":"standard","meta":{"footnotes":""},"categories":[676,3],"tags":[1644,49,875,114,877,44,1011],"class_list":["post-4552","post","type-post","status-publish","format-standard","has-post-thumbnail","hentry","category-rok-2020","category-tramwaj","tag-2020-02-09","tag-czechy","tag-dpmlj-liberec","tag-gory","tag-liberec","tag-snieg","tag-tatra-t3"],"_links":{"self":[{"href":"https:\/\/wgphoto.pl\/t\/index.php?rest_route=\/wp\/v2\/posts\/4552","targetHints":{"allow":["GET"]}}],"collection":[{"href":"https:\/\/wgphoto.pl\/t\/index.php?rest_route=\/wp\/v2\/posts"}],"about":[{"href":"https:\/\/wgphoto.pl\/t\/index.php?rest_route=\/wp\/v2\/types\/post"}],"author":[{"embeddable":true,"href":"https:\/\/wgphoto.pl\/t\/index.php?rest_route=\/wp\/v2\/users\/1"}],"replies":[{"embeddable":true,"href":"https:\/\/wgphoto.pl\/t\/index.php?rest_route=%2Fwp%2Fv2%2Fcomments&post=4552"}],"version-history":[{"count":1,"href":"https:\/\/wgphoto.pl\/t\/index.php?rest_route=\/wp\/v2\/posts\/4552\/revisions"}],"predecessor-version":[{"id":4554,"href":"https:\/\/wgphoto.pl\/t\/index.php?rest_route=\/wp\/v2\/posts\/4552\/revisions\/4554"}],"wp:featuredmedia":[{"embeddable":true,"href":"https:\/\/wgphoto.pl\/t\/index.php?rest_route=\/wp\/v2\/media\/4553"}],"wp:attachment":[{"href":"https:\/\/wgphoto.pl\/t\/index.php?rest_route=%2Fwp%2Fv2%2Fmedia&parent=4552"}],"wp:term":[{"taxonomy":"category","embeddable":true,"href":"https:\/\/wgphoto.pl\/t\/index.php?rest_route=%2Fwp%2Fv2%2Fcategories&post=4552"},{"taxonomy":"post_tag","embeddable":true,"href":"https:\/\/wgphoto.pl\/t\/index.php?rest_route=%2Fwp%2Fv2%2Ftags&post=4552"}],"curies":[{"name":"wp","href":"https:\/\/api.w.org\/{rel}","templated":true}]}}