{"id":4555,"date":"2024-11-02T20:46:22","date_gmt":"2024-11-02T19:46:22","guid":{"rendered":"https:\/\/wgphoto.pl\/t\/?p=4555"},"modified":"2024-11-02T20:46:22","modified_gmt":"2024-11-02T19:46:22","slug":"niemozliwe","status":"publish","type":"post","link":"https:\/\/wgphoto.pl\/t\/?p=4555","title":{"rendered":"Niemo\u017cliwe"},"content":{"rendered":"\n<figure class=\"wp-block-image aligncenter size-full\"><img loading=\"lazy\" decoding=\"async\" width=\"1300\" height=\"870\" src=\"https:\/\/wgphoto.pl\/t\/wp-content\/uploads\/2024\/11\/IMGP0707.jpg\" alt=\"\" class=\"wp-image-4556\" srcset=\"https:\/\/wgphoto.pl\/t\/wp-content\/uploads\/2024\/11\/IMGP0707.jpg 1300w, https:\/\/wgphoto.pl\/t\/wp-content\/uploads\/2024\/11\/IMGP0707-300x201.jpg 300w, https:\/\/wgphoto.pl\/t\/wp-content\/uploads\/2024\/11\/IMGP0707-768x514.jpg 768w\" sizes=\"auto, (max-width: 1300px) 100vw, 1300px\" \/><\/figure>\n\n\n\n<div class=\"wp-block-group has-global-padding is-layout-constrained wp-block-group-is-layout-constrained\">\n<p>Od wycofania z ruchu stodw\u00f3jek do wprowadzenia Sk\u00f3d 19T min\u0119\u0142o kilka miesi\u0119cy, a jednak uda\u0142o mi si\u0119 z\u0142apa\u0107 oba pojazdy na jednym zdj\u0119ciu, na dodatek w towarzystwie przedstawicieli dw\u00f3ch kolejnych typ\u00f3w tramwaj\u00f3w: 105NWr i 205WrAs. A to wszystko na zajezdni Borek we Wroc\u0142awiu. 18.05.2011<\/p>\n<\/div>\n","protected":false},"excerpt":{"rendered":"<p>Od wycofania z ruchu stodw\u00f3jek do wprowadzenia Sk\u00f3d 19T min\u0119\u0142o kilka miesi\u0119cy, a jednak uda\u0142o mi si\u0119 z\u0142apa\u0107 oba pojazdy na jednym zdj\u0119ciu, na dodatek w towarzystwie przedstawicieli dw\u00f3ch kolejnych typ\u00f3w tramwaj\u00f3w: 105NWr i 205WrAs. A to wszystko na zajezdni Borek we Wroc\u0142awiu. 18.05.2011<\/p>\n","protected":false},"author":1,"featured_media":4556,"comment_status":"open","ping_status":"","sticky":false,"template":"","format":"standard","meta":{"footnotes":""},"categories":[77,3],"tags":[43,1856,309,42,27,1096,1493,216,41,138],"class_list":["post-4555","post","type-post","status-publish","format-standard","has-post-thumbnail","hentry","category-rok-2011","category-tramwaj","tag-105nwr","tag-2011-05-18","tag-konstal-102na","tag-mpk-wroclaw","tag-polska","tag-protram-205wras","tag-skoda-19t","tag-skoda-elektra","tag-wroclaw","tag-zajezdnia"],"_links":{"self":[{"href":"https:\/\/wgphoto.pl\/t\/index.php?rest_route=\/wp\/v2\/posts\/4555","targetHints":{"allow":["GET"]}}],"collection":[{"href":"https:\/\/wgphoto.pl\/t\/index.php?rest_route=\/wp\/v2\/posts"}],"about":[{"href":"https:\/\/wgphoto.pl\/t\/index.php?rest_route=\/wp\/v2\/types\/post"}],"author":[{"embeddable":true,"href":"https:\/\/wgphoto.pl\/t\/index.php?rest_route=\/wp\/v2\/users\/1"}],"replies":[{"embeddable":true,"href":"https:\/\/wgphoto.pl\/t\/index.php?rest_route=%2Fwp%2Fv2%2Fcomments&post=4555"}],"version-history":[{"count":1,"href":"https:\/\/wgphoto.pl\/t\/index.php?rest_route=\/wp\/v2\/posts\/4555\/revisions"}],"predecessor-version":[{"id":4557,"href":"https:\/\/wgphoto.pl\/t\/index.php?rest_route=\/wp\/v2\/posts\/4555\/revisions\/4557"}],"wp:featuredmedia":[{"embeddable":true,"href":"https:\/\/wgphoto.pl\/t\/index.php?rest_route=\/wp\/v2\/media\/4556"}],"wp:attachment":[{"href":"https:\/\/wgphoto.pl\/t\/index.php?rest_route=%2Fwp%2Fv2%2Fmedia&parent=4555"}],"wp:term":[{"taxonomy":"category","embeddable":true,"href":"https:\/\/wgphoto.pl\/t\/index.php?rest_route=%2Fwp%2Fv2%2Fcategories&post=4555"},{"taxonomy":"post_tag","embeddable":true,"href":"https:\/\/wgphoto.pl\/t\/index.php?rest_route=%2Fwp%2Fv2%2Ftags&post=4555"}],"curies":[{"name":"wp","href":"https:\/\/api.w.org\/{rel}","templated":true}]}}