{"id":4568,"date":"2024-11-02T20:52:10","date_gmt":"2024-11-02T19:52:10","guid":{"rendered":"https:\/\/wgphoto.pl\/t\/?p=4568"},"modified":"2024-11-02T20:52:10","modified_gmt":"2024-11-02T19:52:10","slug":"su46-012-wegliniec","status":"publish","type":"post","link":"https:\/\/wgphoto.pl\/t\/?p=4568","title":{"rendered":"SU46-012, W\u0119gliniec"},"content":{"rendered":"\n<figure class=\"wp-block-image aligncenter size-full\"><img loading=\"lazy\" decoding=\"async\" width=\"800\" height=\"1000\" src=\"https:\/\/wgphoto.pl\/t\/wp-content\/uploads\/2024\/11\/0304-003A.jpg\" alt=\"\" class=\"wp-image-4569\" srcset=\"https:\/\/wgphoto.pl\/t\/wp-content\/uploads\/2024\/11\/0304-003A.jpg 800w, https:\/\/wgphoto.pl\/t\/wp-content\/uploads\/2024\/11\/0304-003A-240x300.jpg 240w, https:\/\/wgphoto.pl\/t\/wp-content\/uploads\/2024\/11\/0304-003A-768x960.jpg 768w\" sizes=\"auto, (max-width: 800px) 100vw, 800px\" \/><\/figure>\n\n\n\n<div class=\"wp-block-group has-global-padding is-layout-constrained wp-block-group-is-layout-constrained\">\n<p>Niegdy\u015b typowy widok mi\u0119dzy W\u0119gli\u0144cem a Hork\u0105. 08.02.2003<\/p>\n<\/div>\n","protected":false},"excerpt":{"rendered":"<p>Niegdy\u015b typowy widok mi\u0119dzy W\u0119gli\u0144cem a Hork\u0105. 08.02.2003<\/p>\n","protected":false},"author":1,"featured_media":4569,"comment_status":"open","ping_status":"","sticky":false,"template":"","format":"standard","meta":{"footnotes":""},"categories":[62,2,149],"tags":[599,63,27,44,84,598],"class_list":["post-4568","post","type-post","status-publish","format-standard","has-post-thumbnail","hentry","category-analog","category-kolej","category-rok-2003","tag-2003-02-08","tag-pkp","tag-polska","tag-snieg","tag-su46","tag-wegliniec"],"_links":{"self":[{"href":"https:\/\/wgphoto.pl\/t\/index.php?rest_route=\/wp\/v2\/posts\/4568","targetHints":{"allow":["GET"]}}],"collection":[{"href":"https:\/\/wgphoto.pl\/t\/index.php?rest_route=\/wp\/v2\/posts"}],"about":[{"href":"https:\/\/wgphoto.pl\/t\/index.php?rest_route=\/wp\/v2\/types\/post"}],"author":[{"embeddable":true,"href":"https:\/\/wgphoto.pl\/t\/index.php?rest_route=\/wp\/v2\/users\/1"}],"replies":[{"embeddable":true,"href":"https:\/\/wgphoto.pl\/t\/index.php?rest_route=%2Fwp%2Fv2%2Fcomments&post=4568"}],"version-history":[{"count":1,"href":"https:\/\/wgphoto.pl\/t\/index.php?rest_route=\/wp\/v2\/posts\/4568\/revisions"}],"predecessor-version":[{"id":4570,"href":"https:\/\/wgphoto.pl\/t\/index.php?rest_route=\/wp\/v2\/posts\/4568\/revisions\/4570"}],"wp:featuredmedia":[{"embeddable":true,"href":"https:\/\/wgphoto.pl\/t\/index.php?rest_route=\/wp\/v2\/media\/4569"}],"wp:attachment":[{"href":"https:\/\/wgphoto.pl\/t\/index.php?rest_route=%2Fwp%2Fv2%2Fmedia&parent=4568"}],"wp:term":[{"taxonomy":"category","embeddable":true,"href":"https:\/\/wgphoto.pl\/t\/index.php?rest_route=%2Fwp%2Fv2%2Fcategories&post=4568"},{"taxonomy":"post_tag","embeddable":true,"href":"https:\/\/wgphoto.pl\/t\/index.php?rest_route=%2Fwp%2Fv2%2Ftags&post=4568"}],"curies":[{"name":"wp","href":"https:\/\/api.w.org\/{rel}","templated":true}]}}