{"id":4575,"date":"2024-11-02T20:54:48","date_gmt":"2024-11-02T19:54:48","guid":{"rendered":"https:\/\/wgphoto.pl\/t\/?p=4575"},"modified":"2024-11-02T20:54:48","modified_gmt":"2024-11-02T19:54:48","slug":"maly-wielki-pociag","status":"publish","type":"post","link":"https:\/\/wgphoto.pl\/t\/?p=4575","title":{"rendered":"Ma\u0142y wielki poci\u0105g"},"content":{"rendered":"\n<figure class=\"wp-block-image aligncenter size-full\"><img loading=\"lazy\" decoding=\"async\" width=\"1300\" height=\"870\" src=\"https:\/\/wgphoto.pl\/t\/wp-content\/uploads\/2024\/11\/IMGP5876.jpg\" alt=\"\" class=\"wp-image-4576\" srcset=\"https:\/\/wgphoto.pl\/t\/wp-content\/uploads\/2024\/11\/IMGP5876.jpg 1300w, https:\/\/wgphoto.pl\/t\/wp-content\/uploads\/2024\/11\/IMGP5876-300x201.jpg 300w, https:\/\/wgphoto.pl\/t\/wp-content\/uploads\/2024\/11\/IMGP5876-768x514.jpg 768w\" sizes=\"auto, (max-width: 1300px) 100vw, 1300px\" \/><\/figure>\n\n\n\n<div class=\"wp-block-group has-global-padding is-layout-constrained wp-block-group-is-layout-constrained\">\n<p>Regionova 814.076 pojedzie jako poci\u0105g 13272 do Vset\u00edna z Velk\u00fdch Karlovic, po\u0142o\u017conych u podn\u00f3\u017ca Jawornik\u00f3w. Jak wida\u0107 za poci\u0105giem, tory si\u0119 tu ko\u0144cz\u0105. 15.08.2010<\/p>\n<\/div>\n","protected":false},"excerpt":{"rendered":"<p>Regionova 814.076 pojedzie jako poci\u0105g 13272 do Vset\u00edna z Velk\u00fdch Karlovic, po\u0142o\u017conych u podn\u00f3\u017ca Jawornik\u00f3w. Jak wida\u0107 za poci\u0105giem, tory si\u0119 tu ko\u0144cz\u0105. 15.08.2010<\/p>\n","protected":false},"author":1,"featured_media":4576,"comment_status":"open","ping_status":"","sticky":false,"template":"","format":"standard","meta":{"footnotes":""},"categories":[2,86],"tags":[791,211,50,49,94,1861,1860],"class_list":["post-4575","post","type-post","status-publish","format-standard","has-post-thumbnail","hentry","category-kolej","category-rok-2010","tag-2010-08-15","tag-211","tag-cd","tag-czechy","tag-na-kolejowym-koncu-swiata","tag-tab-cz282","tag-velke-karlovice"],"_links":{"self":[{"href":"https:\/\/wgphoto.pl\/t\/index.php?rest_route=\/wp\/v2\/posts\/4575","targetHints":{"allow":["GET"]}}],"collection":[{"href":"https:\/\/wgphoto.pl\/t\/index.php?rest_route=\/wp\/v2\/posts"}],"about":[{"href":"https:\/\/wgphoto.pl\/t\/index.php?rest_route=\/wp\/v2\/types\/post"}],"author":[{"embeddable":true,"href":"https:\/\/wgphoto.pl\/t\/index.php?rest_route=\/wp\/v2\/users\/1"}],"replies":[{"embeddable":true,"href":"https:\/\/wgphoto.pl\/t\/index.php?rest_route=%2Fwp%2Fv2%2Fcomments&post=4575"}],"version-history":[{"count":1,"href":"https:\/\/wgphoto.pl\/t\/index.php?rest_route=\/wp\/v2\/posts\/4575\/revisions"}],"predecessor-version":[{"id":4577,"href":"https:\/\/wgphoto.pl\/t\/index.php?rest_route=\/wp\/v2\/posts\/4575\/revisions\/4577"}],"wp:featuredmedia":[{"embeddable":true,"href":"https:\/\/wgphoto.pl\/t\/index.php?rest_route=\/wp\/v2\/media\/4576"}],"wp:attachment":[{"href":"https:\/\/wgphoto.pl\/t\/index.php?rest_route=%2Fwp%2Fv2%2Fmedia&parent=4575"}],"wp:term":[{"taxonomy":"category","embeddable":true,"href":"https:\/\/wgphoto.pl\/t\/index.php?rest_route=%2Fwp%2Fv2%2Fcategories&post=4575"},{"taxonomy":"post_tag","embeddable":true,"href":"https:\/\/wgphoto.pl\/t\/index.php?rest_route=%2Fwp%2Fv2%2Ftags&post=4575"}],"curies":[{"name":"wp","href":"https:\/\/api.w.org\/{rel}","templated":true}]}}