{"id":4578,"date":"2024-11-02T20:56:04","date_gmt":"2024-11-02T19:56:04","guid":{"rendered":"https:\/\/wgphoto.pl\/t\/?p=4578"},"modified":"2024-11-02T20:56:04","modified_gmt":"2024-11-02T19:56:04","slug":"napiecie-zalaczone","status":"publish","type":"post","link":"https:\/\/wgphoto.pl\/t\/?p=4578","title":{"rendered":"Napi\u0119cie za\u0142\u0105czone"},"content":{"rendered":"\n<figure class=\"wp-block-image aligncenter size-full\"><img loading=\"lazy\" decoding=\"async\" width=\"750\" height=\"1000\" src=\"https:\/\/wgphoto.pl\/t\/wp-content\/uploads\/2024\/11\/IMGP6518-1.jpg\" alt=\"\" class=\"wp-image-4580\" srcset=\"https:\/\/wgphoto.pl\/t\/wp-content\/uploads\/2024\/11\/IMGP6518-1.jpg 750w, https:\/\/wgphoto.pl\/t\/wp-content\/uploads\/2024\/11\/IMGP6518-1-225x300.jpg 225w\" sizes=\"auto, (max-width: 750px) 100vw, 750px\" \/><\/figure>\n\n\n\n<div class=\"wp-block-group has-global-padding is-layout-constrained wp-block-group-is-layout-constrained\">\n<p>N\u00f3wka Protram 205WrAs nr 2716 podstawia si\u0119 na przegl\u0105d po zje\u017adzie do zajezdni Borek we Wroc\u0142awiu. 27.08.2010<\/p>\n<\/div>\n","protected":false},"excerpt":{"rendered":"<p>N\u00f3wka Protram 205WrAs nr 2716 podstawia si\u0119 na przegl\u0105d po zje\u017adzie do zajezdni Borek we Wroc\u0142awiu. 27.08.2010<\/p>\n","protected":false},"author":1,"featured_media":4580,"comment_status":"open","ping_status":"","sticky":false,"template":"","format":"standard","meta":{"footnotes":""},"categories":[128,86,3],"tags":[1862,42,27,1096,905,439,41,138],"class_list":["post-4578","post","type-post","status-publish","format-standard","has-post-thumbnail","hentry","category-pionowe","category-rok-2010","category-tramwaj","tag-2010-08-27","tag-mpk-wroclaw","tag-polska","tag-protram-205wras","tag-przez","tag-we-fabryce","tag-wroclaw","tag-zajezdnia"],"_links":{"self":[{"href":"https:\/\/wgphoto.pl\/t\/index.php?rest_route=\/wp\/v2\/posts\/4578","targetHints":{"allow":["GET"]}}],"collection":[{"href":"https:\/\/wgphoto.pl\/t\/index.php?rest_route=\/wp\/v2\/posts"}],"about":[{"href":"https:\/\/wgphoto.pl\/t\/index.php?rest_route=\/wp\/v2\/types\/post"}],"author":[{"embeddable":true,"href":"https:\/\/wgphoto.pl\/t\/index.php?rest_route=\/wp\/v2\/users\/1"}],"replies":[{"embeddable":true,"href":"https:\/\/wgphoto.pl\/t\/index.php?rest_route=%2Fwp%2Fv2%2Fcomments&post=4578"}],"version-history":[{"count":1,"href":"https:\/\/wgphoto.pl\/t\/index.php?rest_route=\/wp\/v2\/posts\/4578\/revisions"}],"predecessor-version":[{"id":4581,"href":"https:\/\/wgphoto.pl\/t\/index.php?rest_route=\/wp\/v2\/posts\/4578\/revisions\/4581"}],"wp:featuredmedia":[{"embeddable":true,"href":"https:\/\/wgphoto.pl\/t\/index.php?rest_route=\/wp\/v2\/media\/4580"}],"wp:attachment":[{"href":"https:\/\/wgphoto.pl\/t\/index.php?rest_route=%2Fwp%2Fv2%2Fmedia&parent=4578"}],"wp:term":[{"taxonomy":"category","embeddable":true,"href":"https:\/\/wgphoto.pl\/t\/index.php?rest_route=%2Fwp%2Fv2%2Fcategories&post=4578"},{"taxonomy":"post_tag","embeddable":true,"href":"https:\/\/wgphoto.pl\/t\/index.php?rest_route=%2Fwp%2Fv2%2Ftags&post=4578"}],"curies":[{"name":"wp","href":"https:\/\/api.w.org\/{rel}","templated":true}]}}