{"id":4585,"date":"2024-11-02T20:58:44","date_gmt":"2024-11-02T19:58:44","guid":{"rendered":"https:\/\/wgphoto.pl\/t\/?p=4585"},"modified":"2024-11-02T20:58:44","modified_gmt":"2024-11-02T19:58:44","slug":"przeblyski","status":"publish","type":"post","link":"https:\/\/wgphoto.pl\/t\/?p=4585","title":{"rendered":"Przeb\u0142yski"},"content":{"rendered":"\n<figure class=\"wp-block-image aligncenter size-full\"><img loading=\"lazy\" decoding=\"async\" width=\"1300\" height=\"867\" src=\"https:\/\/wgphoto.pl\/t\/wp-content\/uploads\/2024\/11\/0532-08.jpg\" alt=\"\" class=\"wp-image-4586\" srcset=\"https:\/\/wgphoto.pl\/t\/wp-content\/uploads\/2024\/11\/0532-08.jpg 1300w, https:\/\/wgphoto.pl\/t\/wp-content\/uploads\/2024\/11\/0532-08-300x200.jpg 300w, https:\/\/wgphoto.pl\/t\/wp-content\/uploads\/2024\/11\/0532-08-768x512.jpg 768w\" sizes=\"auto, (max-width: 1300px) 100vw, 1300px\" \/><\/figure>\n\n\n\n<div class=\"wp-block-group has-global-padding is-layout-constrained wp-block-group-is-layout-constrained\">\n<p>ET22-1129 mija Gogolin. Przeb\u0142yski w zakresie kadrowania pojawiaj\u0105 si\u0119 niespodziewanie niczym przeb\u0142yski s\u0142o\u0144ca mi\u0119dzy filarami wiaty peronowej. Fotografi\u0119 niew\u0105tpliwie maluje \u015bwiat\u0142o. 11.11.2005<\/p>\n<\/div>\n","protected":false},"excerpt":{"rendered":"<p>ET22-1129 mija Gogolin. Przeb\u0142yski w zakresie kadrowania pojawiaj\u0105 si\u0119 niespodziewanie niczym przeb\u0142yski s\u0142o\u0144ca mi\u0119dzy filarami wiaty peronowej. Fotografi\u0119 niew\u0105tpliwie maluje \u015bwiat\u0142o. 11.11.2005<\/p>\n","protected":false},"author":1,"featured_media":4586,"comment_status":"open","ping_status":"","sticky":false,"template":"","format":"standard","meta":{"footnotes":""},"categories":[62,2,311],"tags":[1365,26,1865,63,27,181,711],"class_list":["post-4585","post","type-post","status-publish","format-standard","has-post-thumbnail","hentry","category-analog","category-kolej","category-rok-2005","tag-2005-11-11","tag-et22","tag-gogolin","tag-pkp","tag-polska","tag-slonce","tag-tab-pl220"],"_links":{"self":[{"href":"https:\/\/wgphoto.pl\/t\/index.php?rest_route=\/wp\/v2\/posts\/4585","targetHints":{"allow":["GET"]}}],"collection":[{"href":"https:\/\/wgphoto.pl\/t\/index.php?rest_route=\/wp\/v2\/posts"}],"about":[{"href":"https:\/\/wgphoto.pl\/t\/index.php?rest_route=\/wp\/v2\/types\/post"}],"author":[{"embeddable":true,"href":"https:\/\/wgphoto.pl\/t\/index.php?rest_route=\/wp\/v2\/users\/1"}],"replies":[{"embeddable":true,"href":"https:\/\/wgphoto.pl\/t\/index.php?rest_route=%2Fwp%2Fv2%2Fcomments&post=4585"}],"version-history":[{"count":1,"href":"https:\/\/wgphoto.pl\/t\/index.php?rest_route=\/wp\/v2\/posts\/4585\/revisions"}],"predecessor-version":[{"id":4587,"href":"https:\/\/wgphoto.pl\/t\/index.php?rest_route=\/wp\/v2\/posts\/4585\/revisions\/4587"}],"wp:featuredmedia":[{"embeddable":true,"href":"https:\/\/wgphoto.pl\/t\/index.php?rest_route=\/wp\/v2\/media\/4586"}],"wp:attachment":[{"href":"https:\/\/wgphoto.pl\/t\/index.php?rest_route=%2Fwp%2Fv2%2Fmedia&parent=4585"}],"wp:term":[{"taxonomy":"category","embeddable":true,"href":"https:\/\/wgphoto.pl\/t\/index.php?rest_route=%2Fwp%2Fv2%2Fcategories&post=4585"},{"taxonomy":"post_tag","embeddable":true,"href":"https:\/\/wgphoto.pl\/t\/index.php?rest_route=%2Fwp%2Fv2%2Ftags&post=4585"}],"curies":[{"name":"wp","href":"https:\/\/api.w.org\/{rel}","templated":true}]}}