{"id":4597,"date":"2024-11-02T21:02:38","date_gmt":"2024-11-02T20:02:38","guid":{"rendered":"https:\/\/wgphoto.pl\/t\/?p=4597"},"modified":"2024-11-02T21:02:38","modified_gmt":"2024-11-02T20:02:38","slug":"start-niesynchroniczny","status":"publish","type":"post","link":"https:\/\/wgphoto.pl\/t\/?p=4597","title":{"rendered":"Start niesynchroniczny"},"content":{"rendered":"\n<figure class=\"wp-block-image aligncenter size-full\"><img loading=\"lazy\" decoding=\"async\" width=\"1300\" height=\"870\" src=\"https:\/\/wgphoto.pl\/t\/wp-content\/uploads\/2024\/11\/IMGP0034.jpg\" alt=\"\" class=\"wp-image-4598\" srcset=\"https:\/\/wgphoto.pl\/t\/wp-content\/uploads\/2024\/11\/IMGP0034.jpg 1300w, https:\/\/wgphoto.pl\/t\/wp-content\/uploads\/2024\/11\/IMGP0034-300x201.jpg 300w, https:\/\/wgphoto.pl\/t\/wp-content\/uploads\/2024\/11\/IMGP0034-768x514.jpg 768w\" sizes=\"auto, (max-width: 1300px) 100vw, 1300px\" \/><\/figure>\n\n\n\n<div class=\"wp-block-group has-global-padding is-layout-constrained wp-block-group-is-layout-constrained\">\n<p>Motorak 810.477-0 wyruszy\u0142 z Martinic v Krkono\u0161\u00edch w nied\u0142ugi kurs nr 15510 do Jablonce nad Jizerou. W tle startuje ze stacji poci\u0105g przyspieszony relacji Trutnov hl.n. &#8211; Kol\u00edn. 13.10.2012<\/p>\n<\/div>\n","protected":false},"excerpt":{"rendered":"<p>Motorak 810.477-0 wyruszy\u0142 z Martinic v Krkono\u0161\u00edch w nied\u0142ugi kurs nr 15510 do Jablonce nad Jizerou. W tle startuje ze stacji poci\u0105g przyspieszony relacji Trutnov hl.n. &#8211; Kol\u00edn. 13.10.2012<\/p>\n","protected":false},"author":1,"featured_media":4598,"comment_status":"open","ping_status":"","sticky":false,"template":"","format":"standard","meta":{"footnotes":""},"categories":[2,46],"tags":[1870,92,1868,50,49,126,196,1871,53,1520,1869],"class_list":["post-4597","post","type-post","status-publish","format-standard","has-post-thumbnail","hentry","category-kolej","category-rok-2012","tag-2012-10-13","tag-92","tag-1868","tag-cd","tag-czechy","tag-jesien","tag-linie-raczej-lokalne","tag-martinice-v-krkonosich","tag-sygnalizacja-ksztaltowa","tag-tab-cz042","tag-wagon-sterowniczy"],"_links":{"self":[{"href":"https:\/\/wgphoto.pl\/t\/index.php?rest_route=\/wp\/v2\/posts\/4597","targetHints":{"allow":["GET"]}}],"collection":[{"href":"https:\/\/wgphoto.pl\/t\/index.php?rest_route=\/wp\/v2\/posts"}],"about":[{"href":"https:\/\/wgphoto.pl\/t\/index.php?rest_route=\/wp\/v2\/types\/post"}],"author":[{"embeddable":true,"href":"https:\/\/wgphoto.pl\/t\/index.php?rest_route=\/wp\/v2\/users\/1"}],"replies":[{"embeddable":true,"href":"https:\/\/wgphoto.pl\/t\/index.php?rest_route=%2Fwp%2Fv2%2Fcomments&post=4597"}],"version-history":[{"count":1,"href":"https:\/\/wgphoto.pl\/t\/index.php?rest_route=\/wp\/v2\/posts\/4597\/revisions"}],"predecessor-version":[{"id":4599,"href":"https:\/\/wgphoto.pl\/t\/index.php?rest_route=\/wp\/v2\/posts\/4597\/revisions\/4599"}],"wp:featuredmedia":[{"embeddable":true,"href":"https:\/\/wgphoto.pl\/t\/index.php?rest_route=\/wp\/v2\/media\/4598"}],"wp:attachment":[{"href":"https:\/\/wgphoto.pl\/t\/index.php?rest_route=%2Fwp%2Fv2%2Fmedia&parent=4597"}],"wp:term":[{"taxonomy":"category","embeddable":true,"href":"https:\/\/wgphoto.pl\/t\/index.php?rest_route=%2Fwp%2Fv2%2Fcategories&post=4597"},{"taxonomy":"post_tag","embeddable":true,"href":"https:\/\/wgphoto.pl\/t\/index.php?rest_route=%2Fwp%2Fv2%2Ftags&post=4597"}],"curies":[{"name":"wp","href":"https:\/\/api.w.org\/{rel}","templated":true}]}}