{"id":4615,"date":"2024-11-03T17:17:26","date_gmt":"2024-11-03T16:17:26","guid":{"rendered":"https:\/\/wgphoto.pl\/t\/?p=4615"},"modified":"2024-11-03T17:17:26","modified_gmt":"2024-11-03T16:17:26","slug":"moje-babicka-pochazi-z-kolina","status":"publish","type":"post","link":"https:\/\/wgphoto.pl\/t\/?p=4615","title":{"rendered":"Moje babi\u010dka poch\u00e1z\u00ed z Kol\u00edna"},"content":{"rendered":"\n<figure class=\"wp-block-image aligncenter size-full\"><img loading=\"lazy\" decoding=\"async\" width=\"1300\" height=\"861\" src=\"https:\/\/wgphoto.pl\/t\/wp-content\/uploads\/2024\/11\/IMGP9053.jpg\" alt=\"\" class=\"wp-image-4616\" srcset=\"https:\/\/wgphoto.pl\/t\/wp-content\/uploads\/2024\/11\/IMGP9053.jpg 1300w, https:\/\/wgphoto.pl\/t\/wp-content\/uploads\/2024\/11\/IMGP9053-300x199.jpg 300w, https:\/\/wgphoto.pl\/t\/wp-content\/uploads\/2024\/11\/IMGP9053-768x509.jpg 768w\" sizes=\"auto, (max-width: 1300px) 100vw, 1300px\" \/><\/figure>\n\n\n\n<div class=\"wp-block-group has-global-padding is-layout-constrained wp-block-group-is-layout-constrained\">\n<p>Mlad\u00e1 Boleslav hl.n. Hydra 854.019-7 o imieniu Babi\u010dka prowadzi rychl\u00edk 1108 relacji Kol\u00edn &#8211; Rumburk. 30.12.2014<\/p>\n<\/div>\n","protected":false},"excerpt":{"rendered":"<p>Mlad\u00e1 Boleslav hl.n. Hydra 854.019-7 o imieniu Babi\u010dka prowadzi rychl\u00edk 1108 relacji Kol\u00edn &#8211; Rumburk. 30.12.2014<\/p>\n","protected":false},"author":1,"featured_media":4616,"comment_status":"open","ping_status":"","sticky":false,"template":"","format":"standard","meta":{"footnotes":""},"categories":[2,48],"tags":[1875,552,50,49,114,1876,44,1877],"class_list":["post-4615","post","type-post","status-publish","format-standard","has-post-thumbnail","hentry","category-kolej","category-rok-2014","tag-2014-12-30","tag-552","tag-cd","tag-czechy","tag-gory","tag-mlada-boleslav-hlavni-nadrazi","tag-snieg","tag-tab-cz070"],"_links":{"self":[{"href":"https:\/\/wgphoto.pl\/t\/index.php?rest_route=\/wp\/v2\/posts\/4615","targetHints":{"allow":["GET"]}}],"collection":[{"href":"https:\/\/wgphoto.pl\/t\/index.php?rest_route=\/wp\/v2\/posts"}],"about":[{"href":"https:\/\/wgphoto.pl\/t\/index.php?rest_route=\/wp\/v2\/types\/post"}],"author":[{"embeddable":true,"href":"https:\/\/wgphoto.pl\/t\/index.php?rest_route=\/wp\/v2\/users\/1"}],"replies":[{"embeddable":true,"href":"https:\/\/wgphoto.pl\/t\/index.php?rest_route=%2Fwp%2Fv2%2Fcomments&post=4615"}],"version-history":[{"count":1,"href":"https:\/\/wgphoto.pl\/t\/index.php?rest_route=\/wp\/v2\/posts\/4615\/revisions"}],"predecessor-version":[{"id":4617,"href":"https:\/\/wgphoto.pl\/t\/index.php?rest_route=\/wp\/v2\/posts\/4615\/revisions\/4617"}],"wp:featuredmedia":[{"embeddable":true,"href":"https:\/\/wgphoto.pl\/t\/index.php?rest_route=\/wp\/v2\/media\/4616"}],"wp:attachment":[{"href":"https:\/\/wgphoto.pl\/t\/index.php?rest_route=%2Fwp%2Fv2%2Fmedia&parent=4615"}],"wp:term":[{"taxonomy":"category","embeddable":true,"href":"https:\/\/wgphoto.pl\/t\/index.php?rest_route=%2Fwp%2Fv2%2Fcategories&post=4615"},{"taxonomy":"post_tag","embeddable":true,"href":"https:\/\/wgphoto.pl\/t\/index.php?rest_route=%2Fwp%2Fv2%2Ftags&post=4615"}],"curies":[{"name":"wp","href":"https:\/\/api.w.org\/{rel}","templated":true}]}}