{"id":4643,"date":"2024-11-03T17:27:35","date_gmt":"2024-11-03T16:27:35","guid":{"rendered":"https:\/\/wgphoto.pl\/t\/?p=4643"},"modified":"2024-11-03T17:27:35","modified_gmt":"2024-11-03T16:27:35","slug":"pocztowka-znad-baltyku","status":"publish","type":"post","link":"https:\/\/wgphoto.pl\/t\/?p=4643","title":{"rendered":"Poczt\u00f3wka znad Ba\u0142tyku"},"content":{"rendered":"\n<figure class=\"wp-block-image aligncenter size-full\"><img loading=\"lazy\" decoding=\"async\" width=\"1300\" height=\"867\" src=\"https:\/\/wgphoto.pl\/t\/wp-content\/uploads\/2024\/11\/0520-24.jpg\" alt=\"\" class=\"wp-image-4644\" srcset=\"https:\/\/wgphoto.pl\/t\/wp-content\/uploads\/2024\/11\/0520-24.jpg 1300w, https:\/\/wgphoto.pl\/t\/wp-content\/uploads\/2024\/11\/0520-24-300x200.jpg 300w, https:\/\/wgphoto.pl\/t\/wp-content\/uploads\/2024\/11\/0520-24-768x512.jpg 768w\" sizes=\"auto, (max-width: 1300px) 100vw, 1300px\" \/><\/figure>\n\n\n\n<div class=\"wp-block-group has-global-padding is-layout-constrained wp-block-group-is-layout-constrained\">\n<p>W\u0142adys\u0142awowo Port &#8211; W\u0142adys\u0142awowo. SU42-539 prowadzi poci\u0105g osobowy 93530 z Helu do Gdyni G\u0142. 29.07.2005<\/p>\n<\/div>\n","protected":false},"excerpt":{"rendered":"<p>W\u0142adys\u0142awowo Port &#8211; W\u0142adys\u0142awowo. SU42-539 prowadzi poci\u0105g osobowy 93530 z Helu do Gdyni G\u0142. 29.07.2005<\/p>\n","protected":false},"author":1,"featured_media":4644,"comment_status":"open","ping_status":"","sticky":false,"template":"","format":"standard","meta":{"footnotes":""},"categories":[62,2,311],"tags":[1094,113,116,63,27,250,1095,1321,1885],"class_list":["post-4643","post","type-post","status-publish","format-standard","has-post-thumbnail","hentry","category-analog","category-kolej","category-rok-2005","tag-2005-07-29","tag-landszaft","tag-morze","tag-pkp","tag-polska","tag-su42","tag-tab-pl450","tag-wladyslawowo","tag-wladyslawowo-port"],"_links":{"self":[{"href":"https:\/\/wgphoto.pl\/t\/index.php?rest_route=\/wp\/v2\/posts\/4643","targetHints":{"allow":["GET"]}}],"collection":[{"href":"https:\/\/wgphoto.pl\/t\/index.php?rest_route=\/wp\/v2\/posts"}],"about":[{"href":"https:\/\/wgphoto.pl\/t\/index.php?rest_route=\/wp\/v2\/types\/post"}],"author":[{"embeddable":true,"href":"https:\/\/wgphoto.pl\/t\/index.php?rest_route=\/wp\/v2\/users\/1"}],"replies":[{"embeddable":true,"href":"https:\/\/wgphoto.pl\/t\/index.php?rest_route=%2Fwp%2Fv2%2Fcomments&post=4643"}],"version-history":[{"count":1,"href":"https:\/\/wgphoto.pl\/t\/index.php?rest_route=\/wp\/v2\/posts\/4643\/revisions"}],"predecessor-version":[{"id":4645,"href":"https:\/\/wgphoto.pl\/t\/index.php?rest_route=\/wp\/v2\/posts\/4643\/revisions\/4645"}],"wp:featuredmedia":[{"embeddable":true,"href":"https:\/\/wgphoto.pl\/t\/index.php?rest_route=\/wp\/v2\/media\/4644"}],"wp:attachment":[{"href":"https:\/\/wgphoto.pl\/t\/index.php?rest_route=%2Fwp%2Fv2%2Fmedia&parent=4643"}],"wp:term":[{"taxonomy":"category","embeddable":true,"href":"https:\/\/wgphoto.pl\/t\/index.php?rest_route=%2Fwp%2Fv2%2Fcategories&post=4643"},{"taxonomy":"post_tag","embeddable":true,"href":"https:\/\/wgphoto.pl\/t\/index.php?rest_route=%2Fwp%2Fv2%2Ftags&post=4643"}],"curies":[{"name":"wp","href":"https:\/\/api.w.org\/{rel}","templated":true}]}}