{"id":4652,"date":"2024-11-03T17:32:18","date_gmt":"2024-11-03T16:32:18","guid":{"rendered":"https:\/\/wgphoto.pl\/t\/?p=4652"},"modified":"2024-11-03T17:32:18","modified_gmt":"2024-11-03T16:32:18","slug":"wieczor-na-deptaku-2","status":"publish","type":"post","link":"https:\/\/wgphoto.pl\/t\/?p=4652","title":{"rendered":"Wiecz\u00f3r na deptaku"},"content":{"rendered":"\n<figure class=\"wp-block-image aligncenter size-full\"><img loading=\"lazy\" decoding=\"async\" width=\"1300\" height=\"861\" src=\"https:\/\/wgphoto.pl\/t\/wp-content\/uploads\/2024\/11\/IMGP7138.jpg\" alt=\"\" class=\"wp-image-4653\" srcset=\"https:\/\/wgphoto.pl\/t\/wp-content\/uploads\/2024\/11\/IMGP7138.jpg 1300w, https:\/\/wgphoto.pl\/t\/wp-content\/uploads\/2024\/11\/IMGP7138-300x199.jpg 300w, https:\/\/wgphoto.pl\/t\/wp-content\/uploads\/2024\/11\/IMGP7138-768x509.jpg 768w\" sizes=\"auto, (max-width: 1300px) 100vw, 1300px\" \/><\/figure>\n\n\n\n<div class=\"wp-block-group has-global-padding is-layout-constrained wp-block-group-is-layout-constrained\">\n<p>Innsbruck, Maria-Theresien-Stra\u00dfe. W tle widoczna jest kolumna \u015aw. Anny i wie\u017ca ko\u015bcio\u0142a szpitalnego. Wiecz\u00f3r w sercu miasta up\u0142ywa leniwie. Ludzie \u0142a\u017c\u0105 po g\u0142\u00f3wnym deptaku, tramwaje przemykaj\u0105 bezszelestnie. 19.08.2014<\/p>\n<\/div>\n","protected":false},"excerpt":{"rendered":"<p>Innsbruck, Maria-Theresien-Stra\u00dfe. W tle widoczna jest kolumna \u015aw. Anny i wie\u017ca ko\u015bcio\u0142a szpitalnego. Wiecz\u00f3r w sercu miasta up\u0142ywa leniwie. Ludzie \u0142a\u017c\u0105 po g\u0142\u00f3wnym deptaku, tramwaje przemykaj\u0105 bezszelestnie. 19.08.2014<\/p>\n","protected":false},"author":1,"featured_media":4653,"comment_status":"open","ping_status":"","sticky":false,"template":"","format":"standard","meta":{"footnotes":""},"categories":[48,3],"tags":[1397,34,9,185,239,241,242,90],"class_list":["post-4652","post","type-post","status-publish","format-standard","has-post-thumbnail","hentry","category-rok-2014","category-tramwaj","tag-2014-08-19","tag-architektura","tag-austria","tag-cityrunner","tag-deptak","tag-innsbruck","tag-ivb-innsbruck","tag-wieczorem"],"_links":{"self":[{"href":"https:\/\/wgphoto.pl\/t\/index.php?rest_route=\/wp\/v2\/posts\/4652","targetHints":{"allow":["GET"]}}],"collection":[{"href":"https:\/\/wgphoto.pl\/t\/index.php?rest_route=\/wp\/v2\/posts"}],"about":[{"href":"https:\/\/wgphoto.pl\/t\/index.php?rest_route=\/wp\/v2\/types\/post"}],"author":[{"embeddable":true,"href":"https:\/\/wgphoto.pl\/t\/index.php?rest_route=\/wp\/v2\/users\/1"}],"replies":[{"embeddable":true,"href":"https:\/\/wgphoto.pl\/t\/index.php?rest_route=%2Fwp%2Fv2%2Fcomments&post=4652"}],"version-history":[{"count":1,"href":"https:\/\/wgphoto.pl\/t\/index.php?rest_route=\/wp\/v2\/posts\/4652\/revisions"}],"predecessor-version":[{"id":4654,"href":"https:\/\/wgphoto.pl\/t\/index.php?rest_route=\/wp\/v2\/posts\/4652\/revisions\/4654"}],"wp:featuredmedia":[{"embeddable":true,"href":"https:\/\/wgphoto.pl\/t\/index.php?rest_route=\/wp\/v2\/media\/4653"}],"wp:attachment":[{"href":"https:\/\/wgphoto.pl\/t\/index.php?rest_route=%2Fwp%2Fv2%2Fmedia&parent=4652"}],"wp:term":[{"taxonomy":"category","embeddable":true,"href":"https:\/\/wgphoto.pl\/t\/index.php?rest_route=%2Fwp%2Fv2%2Fcategories&post=4652"},{"taxonomy":"post_tag","embeddable":true,"href":"https:\/\/wgphoto.pl\/t\/index.php?rest_route=%2Fwp%2Fv2%2Ftags&post=4652"}],"curies":[{"name":"wp","href":"https:\/\/api.w.org\/{rel}","templated":true}]}}