{"id":4659,"date":"2024-11-03T17:34:37","date_gmt":"2024-11-03T16:34:37","guid":{"rendered":"https:\/\/wgphoto.pl\/t\/?p=4659"},"modified":"2024-11-03T17:34:37","modified_gmt":"2024-11-03T16:34:37","slug":"planowe-retro","status":"publish","type":"post","link":"https:\/\/wgphoto.pl\/t\/?p=4659","title":{"rendered":"Planowe retro"},"content":{"rendered":"\n<figure class=\"wp-block-image aligncenter size-full\"><img loading=\"lazy\" decoding=\"async\" width=\"1300\" height=\"861\" src=\"https:\/\/wgphoto.pl\/t\/wp-content\/uploads\/2024\/11\/IMGP9047.jpg\" alt=\"\" class=\"wp-image-4660\" srcset=\"https:\/\/wgphoto.pl\/t\/wp-content\/uploads\/2024\/11\/IMGP9047.jpg 1300w, https:\/\/wgphoto.pl\/t\/wp-content\/uploads\/2024\/11\/IMGP9047-300x199.jpg 300w, https:\/\/wgphoto.pl\/t\/wp-content\/uploads\/2024\/11\/IMGP9047-768x509.jpg 768w\" sizes=\"auto, (max-width: 1300px) 100vw, 1300px\" \/><\/figure>\n\n\n\n<div class=\"wp-block-group has-global-padding is-layout-constrained wp-block-group-is-layout-constrained\">\n<p>W klasycznym uj\u0119ciu na wyje\u017adzie z T\u00e1bora prezentuje si\u0119 historyczny sk\u0142ad poci\u0105gu 28406 relacji T\u00e1bor &#8211; Bechyn\u011b. Lokomotywa E422.0003 (wg oznacze\u0144 \u010cD 100.003) wraz z wagonami z epoki nale\u017cy do muzeum kolei w Lu\u017enej u Rakovn\u00edka i w sezonowe \u0142ykendy obs\u0142uguje trzy pary planowych kurs\u00f3w na tej trasie. Warto doda\u0107, \u017ce jest to jedyne miejsce, gdzie <em>Bobinka<\/em> mo\u017ce samodzielnie je\u017adzi\u0107, ze wzgl\u0119du na niestandardowe zasilanie =1500V. 26.07.2020<\/p>\n<\/div>\n","protected":false},"excerpt":{"rendered":"<p>W klasycznym uj\u0119ciu na wyje\u017adzie z T\u00e1bora prezentuje si\u0119 historyczny sk\u0142ad poci\u0105gu 28406 relacji T\u00e1bor &#8211; Bechyn\u011b. Lokomotywa E422.0003 (wg oznacze\u0144 \u010cD 100.003) wraz z wagonami z epoki nale\u017cy do muzeum kolei w Lu\u017enej u Rakovn\u00edka i w sezonowe \u0142ykendy obs\u0142uguje trzy pary planowych kurs\u00f3w na tej trasie. Warto doda\u0107, \u017ce jest to jedyne miejsce, [&hellip;]<\/p>\n","protected":false},"author":1,"featured_media":4660,"comment_status":"open","ping_status":"","sticky":false,"template":"","format":"standard","meta":{"footnotes":""},"categories":[2,676],"tags":[1890,50,1403,49,1887,1891,113,196,139,1542,1889],"class_list":["post-4659","post","type-post","status-publish","format-standard","has-post-thumbnail","hentry","category-kolej","category-rok-2020","tag-2020-07-26","tag-cd","tag-csd","tag-czechy","tag-e422","tag-horky-u-tabora","tag-landszaft","tag-linie-raczej-lokalne","tag-retro","tag-tab-cz202","tag-tabor"],"_links":{"self":[{"href":"https:\/\/wgphoto.pl\/t\/index.php?rest_route=\/wp\/v2\/posts\/4659","targetHints":{"allow":["GET"]}}],"collection":[{"href":"https:\/\/wgphoto.pl\/t\/index.php?rest_route=\/wp\/v2\/posts"}],"about":[{"href":"https:\/\/wgphoto.pl\/t\/index.php?rest_route=\/wp\/v2\/types\/post"}],"author":[{"embeddable":true,"href":"https:\/\/wgphoto.pl\/t\/index.php?rest_route=\/wp\/v2\/users\/1"}],"replies":[{"embeddable":true,"href":"https:\/\/wgphoto.pl\/t\/index.php?rest_route=%2Fwp%2Fv2%2Fcomments&post=4659"}],"version-history":[{"count":1,"href":"https:\/\/wgphoto.pl\/t\/index.php?rest_route=\/wp\/v2\/posts\/4659\/revisions"}],"predecessor-version":[{"id":4661,"href":"https:\/\/wgphoto.pl\/t\/index.php?rest_route=\/wp\/v2\/posts\/4659\/revisions\/4661"}],"wp:featuredmedia":[{"embeddable":true,"href":"https:\/\/wgphoto.pl\/t\/index.php?rest_route=\/wp\/v2\/media\/4660"}],"wp:attachment":[{"href":"https:\/\/wgphoto.pl\/t\/index.php?rest_route=%2Fwp%2Fv2%2Fmedia&parent=4659"}],"wp:term":[{"taxonomy":"category","embeddable":true,"href":"https:\/\/wgphoto.pl\/t\/index.php?rest_route=%2Fwp%2Fv2%2Fcategories&post=4659"},{"taxonomy":"post_tag","embeddable":true,"href":"https:\/\/wgphoto.pl\/t\/index.php?rest_route=%2Fwp%2Fv2%2Ftags&post=4659"}],"curies":[{"name":"wp","href":"https:\/\/api.w.org\/{rel}","templated":true}]}}