{"id":4665,"date":"2024-11-03T17:55:29","date_gmt":"2024-11-03T16:55:29","guid":{"rendered":"https:\/\/wgphoto.pl\/t\/?p=4665"},"modified":"2024-11-05T23:13:33","modified_gmt":"2024-11-05T22:13:33","slug":"wieczor-juz-pusto","status":"publish","type":"post","link":"https:\/\/wgphoto.pl\/t\/?p=4665","title":{"rendered":"Wiecz\u00f3r, ju\u017c pusto"},"content":{"rendered":"\n<figure class=\"wp-block-image aligncenter size-full\"><img loading=\"lazy\" decoding=\"async\" width=\"1300\" height=\"870\" src=\"https:\/\/wgphoto.pl\/t\/wp-content\/uploads\/2024\/11\/IMGP9738.jpg\" alt=\"\" class=\"wp-image-4666\" srcset=\"https:\/\/wgphoto.pl\/t\/wp-content\/uploads\/2024\/11\/IMGP9738.jpg 1300w, https:\/\/wgphoto.pl\/t\/wp-content\/uploads\/2024\/11\/IMGP9738-300x201.jpg 300w, https:\/\/wgphoto.pl\/t\/wp-content\/uploads\/2024\/11\/IMGP9738-768x514.jpg 768w\" sizes=\"auto, (max-width: 1300px) 100vw, 1300px\" \/><\/figure>\n\n\n\n<div class=\"wp-block-group has-global-padding is-layout-constrained wp-block-group-is-layout-constrained\">\n<p>Plauen, Pausaer Stra\u00dfe, przystanek Seumestra\u00dfe i w\u00f3z KT4DMC nr 216. Je\u015bli lubisz je\u017adzi\u0107 tramwajem &#8222;na pusto&#8221;, Plauen jest miastem dla ciebie. Pod wiecz\u00f3r na ulicach nie ma ju\u017c \u017cywej duszy, a tramwaje wci\u0105\u017c je\u017cd\u017c\u0105 co kilka minut (pewnie ze wzgl\u0119du na zjazdy do zajezdni). 10.09.2009<\/p>\n<\/div>\n","protected":false},"excerpt":{"rendered":"<p>Plauen, Pausaer Stra\u00dfe, przystanek Seumestra\u00dfe i w\u00f3z KT4DMC nr 216. Je\u015bli lubisz je\u017adzi\u0107 tramwajem &#8222;na pusto&#8221;, Plauen jest miastem dla ciebie. Pod wiecz\u00f3r na ulicach nie ma ju\u017c \u017cywej duszy, a tramwaje wci\u0105\u017c je\u017cd\u017c\u0105 co kilka minut (pewnie ze wzgl\u0119du na zjazdy do zajezdni). 10.09.2009<\/p>\n","protected":false},"author":1,"featured_media":4666,"comment_status":"open","ping_status":"","sticky":false,"template":"","format":"standard","meta":{"footnotes":""},"categories":[169,3],"tags":[490,23,489,219,488,33],"class_list":["post-4665","post","type-post","status-publish","format-standard","has-post-thumbnail","hentry","category-rok-2009","category-tramwaj","tag-2009-09-10","tag-niemcy","tag-plauen","tag-przystanek","tag-psb-plauen","tag-tatra-kt4"],"_links":{"self":[{"href":"https:\/\/wgphoto.pl\/t\/index.php?rest_route=\/wp\/v2\/posts\/4665","targetHints":{"allow":["GET"]}}],"collection":[{"href":"https:\/\/wgphoto.pl\/t\/index.php?rest_route=\/wp\/v2\/posts"}],"about":[{"href":"https:\/\/wgphoto.pl\/t\/index.php?rest_route=\/wp\/v2\/types\/post"}],"author":[{"embeddable":true,"href":"https:\/\/wgphoto.pl\/t\/index.php?rest_route=\/wp\/v2\/users\/1"}],"replies":[{"embeddable":true,"href":"https:\/\/wgphoto.pl\/t\/index.php?rest_route=%2Fwp%2Fv2%2Fcomments&post=4665"}],"version-history":[{"count":1,"href":"https:\/\/wgphoto.pl\/t\/index.php?rest_route=\/wp\/v2\/posts\/4665\/revisions"}],"predecessor-version":[{"id":4667,"href":"https:\/\/wgphoto.pl\/t\/index.php?rest_route=\/wp\/v2\/posts\/4665\/revisions\/4667"}],"wp:featuredmedia":[{"embeddable":true,"href":"https:\/\/wgphoto.pl\/t\/index.php?rest_route=\/wp\/v2\/media\/4666"}],"wp:attachment":[{"href":"https:\/\/wgphoto.pl\/t\/index.php?rest_route=%2Fwp%2Fv2%2Fmedia&parent=4665"}],"wp:term":[{"taxonomy":"category","embeddable":true,"href":"https:\/\/wgphoto.pl\/t\/index.php?rest_route=%2Fwp%2Fv2%2Fcategories&post=4665"},{"taxonomy":"post_tag","embeddable":true,"href":"https:\/\/wgphoto.pl\/t\/index.php?rest_route=%2Fwp%2Fv2%2Ftags&post=4665"}],"curies":[{"name":"wp","href":"https:\/\/api.w.org\/{rel}","templated":true}]}}